{"id":39075,"date":"2022-07-01T09:53:50","date_gmt":"2022-07-01T12:53:50","guid":{"rendered":"https:\/\/tvc16.com\/portal\/?p=39075"},"modified":"2022-07-01T09:53:51","modified_gmt":"2022-07-01T12:53:51","slug":"quem-tomou-as-duas-doses-da-janssen-ja-pode-buscar-a-3a-aplicacao-de-reforco-em-nova-friburgo","status":"publish","type":"post","link":"https:\/\/tvc16.com\/portal\/2022\/07\/01\/quem-tomou-as-duas-doses-da-janssen-ja-pode-buscar-a-3a-aplicacao-de-reforco-em-nova-friburgo\/","title":{"rendered":"Quem tomou as duas doses da Janssen j\u00e1 pode buscar a 3\u00aa aplica\u00e7\u00e3o de refor\u00e7o em Nova Friburgo"},"content":{"rendered":"\n<p>As pessoas com mais de 40 anos que j\u00e1 tomaram a segunda aplica\u00e7\u00e3o da Janssen h\u00e1 pelo menos quatro meses j\u00e1 podem receber a pr\u00f3xima etapa do refor\u00e7o da vacina contra a covid-19. A indica\u00e7\u00e3o do Minist\u00e9rio da Sa\u00fade \u00e9 que a terceira aplica\u00e7\u00e3o seja realizada com a pr\u00f3pria Janssen ou um imunizante de outro fabricante.&nbsp;<\/p>\n\n\n\n<p>A campanha para este p\u00fablico acontece nos dias em que a Secretaria Municipal de Sa\u00fade oferece a vacina\u00e7\u00e3o de 3\u00aa e 4\u00aa dose. Para a pr\u00f3xima semana, o calend\u00e1rio j\u00e1 est\u00e1 sendo montado. Fique de olho nas redes sociais da Prefeitura, onde o cronograma ser\u00e1 publicado nos pr\u00f3ximos dias.<\/p>\n","protected":false},"excerpt":{"rendered":"<p>As pessoas com mais de 40 anos que j\u00e1 tomaram a segunda aplica\u00e7\u00e3o da Janssen<\/p>\n","protected":false},"author":2,"featured_media":37300,"comment_status":"open","ping_status":"open","sticky":false,"template":"","format":"standard","meta":{"footnotes":""},"categories":[17],"tags":[],"class_list":["post-39075","post","type-post","status-publish","format-standard","has-post-thumbnail","hentry","category-outras-noticias"],"_links":{"self":[{"href":"https:\/\/tvc16.com\/portal\/wp-json\/wp\/v2\/posts\/39075","targetHints":{"allow":["GET"]}}],"collection":[{"href":"https:\/\/tvc16.com\/portal\/wp-json\/wp\/v2\/posts"}],"about":[{"href":"https:\/\/tvc16.com\/portal\/wp-json\/wp\/v2\/types\/post"}],"author":[{"embeddable":true,"href":"https:\/\/tvc16.com\/portal\/wp-json\/wp\/v2\/users\/2"}],"replies":[{"embeddable":true,"href":"https:\/\/tvc16.com\/portal\/wp-json\/wp\/v2\/comments?post=39075"}],"version-history":[{"count":1,"href":"https:\/\/tvc16.com\/portal\/wp-json\/wp\/v2\/posts\/39075\/revisions"}],"predecessor-version":[{"id":39076,"href":"https:\/\/tvc16.com\/portal\/wp-json\/wp\/v2\/posts\/39075\/revisions\/39076"}],"wp:featuredmedia":[{"embeddable":true,"href":"https:\/\/tvc16.com\/portal\/wp-json\/wp\/v2\/media\/37300"}],"wp:attachment":[{"href":"https:\/\/tvc16.com\/portal\/wp-json\/wp\/v2\/media?parent=39075"}],"wp:term":[{"taxonomy":"category","embeddable":true,"href":"https:\/\/tvc16.com\/portal\/wp-json\/wp\/v2\/categories?post=39075"},{"taxonomy":"post_tag","embeddable":true,"href":"https:\/\/tvc16.com\/portal\/wp-json\/wp\/v2\/tags?post=39075"}],"curies":[{"name":"wp","href":"https:\/\/api.w.org\/{rel}","templated":true}]}}