{"id":39077,"date":"2022-07-01T10:03:32","date_gmt":"2022-07-01T13:03:32","guid":{"rendered":"https:\/\/tvc16.com\/portal\/?p=39077"},"modified":"2022-07-01T10:04:26","modified_gmt":"2022-07-01T13:04:26","slug":"mulher-morre-e-outras-duas-pessoas-ficam-feridas-apos-acidente-de-carro","status":"publish","type":"post","link":"https:\/\/tvc16.com\/portal\/2022\/07\/01\/mulher-morre-e-outras-duas-pessoas-ficam-feridas-apos-acidente-de-carro\/","title":{"rendered":"Mulher morre e outras duas pessoas ficam feridas em acidente de carro em Petr\u00f3polis"},"content":{"rendered":"\n<p>Por volta das 02h40 desta quinta-feira (30), um acidente envolvendo um carro de passeio resultou na morte de uma mulher de 27 anos, e deixou outras duas pessoas feridas. O caso ocorreu na Rua Monsenhor Bacelar, no Centro de Petr\u00f3polis. O carro em que as v\u00edtimas estavam colidiu contra um poste.<br>\u201cN\u00e3o quero acreditar, n\u00e3o consigo imaginar. S\u00f3 sinto dor\u201d, essas foram algumas palavras deixadas nas redes sociais, por familiares de Daiane Andreza Moura Neves. <br>Nas redes sociais uma das \u00faltimas postagens de Daiane mostrava que ela estava alegre e pretendia aproveitar o feriado da \u00faltima quarta-feira (29), com alguns amigos. A v\u00edtima deixou uma filha de apenas 7 anos. Pela internet amigos e familiares prestaram as \u00faltimas homenagens a jovem.<br>De acordo com informa\u00e7\u00f5es da Sala de Trauma do Hospital Santa Teresa, no m\u00eas de maio foram registrados 30 v\u00edtimas de acidentes de carro, e 17 que sofreram acidentes com moto.<br>Daiane foi velada na tarde de quinta-feira (30), e o enterro est\u00e1 previsto para 10h da sexta-feira (01).<\/p>\n\n\n\n<p><\/p>\n\n\n<div class=\"wp-block-image\">\n<figure class=\"aligncenter size-full is-resized\"><img loading=\"lazy\" decoding=\"async\" src=\"https:\/\/tvc16.com\/portal\/wp-content\/uploads\/2022\/07\/WhatsApp-Image-2022-06-30-at-6.18.21-PM.jpeg\" alt=\"\" class=\"wp-image-39079\" width=\"459\" height=\"459\" srcset=\"https:\/\/tvc16.com\/portal\/wp-content\/uploads\/2022\/07\/WhatsApp-Image-2022-06-30-at-6.18.21-PM.jpeg 960w, https:\/\/tvc16.com\/portal\/wp-content\/uploads\/2022\/07\/WhatsApp-Image-2022-06-30-at-6.18.21-PM-300x300.jpeg 300w, https:\/\/tvc16.com\/portal\/wp-content\/uploads\/2022\/07\/WhatsApp-Image-2022-06-30-at-6.18.21-PM-150x150.jpeg 150w, https:\/\/tvc16.com\/portal\/wp-content\/uploads\/2022\/07\/WhatsApp-Image-2022-06-30-at-6.18.21-PM-768x768.jpeg 768w\" sizes=\"auto, (max-width: 459px) 100vw, 459px\" \/><figcaption>Foto: Reprodu\u00e7\u00e3o internet<\/figcaption><\/figure>\n<\/div>\n\n\n<p><\/p>\n\n\n\n<p>Por Gabriel Faxola<\/p>\n","protected":false},"excerpt":{"rendered":"<p>Por volta das 02h40 desta quinta-feira (30), um acidente envolvendo um carro de passeio resultou<\/p>\n","protected":false},"author":2,"featured_media":39078,"comment_status":"open","ping_status":"open","sticky":false,"template":"","format":"standard","meta":{"footnotes":""},"categories":[12],"tags":[],"class_list":["post-39077","post","type-post","status-publish","format-standard","has-post-thumbnail","hentry","category-cidade"],"_links":{"self":[{"href":"https:\/\/tvc16.com\/portal\/wp-json\/wp\/v2\/posts\/39077","targetHints":{"allow":["GET"]}}],"collection":[{"href":"https:\/\/tvc16.com\/portal\/wp-json\/wp\/v2\/posts"}],"about":[{"href":"https:\/\/tvc16.com\/portal\/wp-json\/wp\/v2\/types\/post"}],"author":[{"embeddable":true,"href":"https:\/\/tvc16.com\/portal\/wp-json\/wp\/v2\/users\/2"}],"replies":[{"embeddable":true,"href":"https:\/\/tvc16.com\/portal\/wp-json\/wp\/v2\/comments?post=39077"}],"version-history":[{"count":2,"href":"https:\/\/tvc16.com\/portal\/wp-json\/wp\/v2\/posts\/39077\/revisions"}],"predecessor-version":[{"id":39081,"href":"https:\/\/tvc16.com\/portal\/wp-json\/wp\/v2\/posts\/39077\/revisions\/39081"}],"wp:featuredmedia":[{"embeddable":true,"href":"https:\/\/tvc16.com\/portal\/wp-json\/wp\/v2\/media\/39078"}],"wp:attachment":[{"href":"https:\/\/tvc16.com\/portal\/wp-json\/wp\/v2\/media?parent=39077"}],"wp:term":[{"taxonomy":"category","embeddable":true,"href":"https:\/\/tvc16.com\/portal\/wp-json\/wp\/v2\/categories?post=39077"},{"taxonomy":"post_tag","embeddable":true,"href":"https:\/\/tvc16.com\/portal\/wp-json\/wp\/v2\/tags?post=39077"}],"curies":[{"name":"wp","href":"https:\/\/api.w.org\/{rel}","templated":true}]}}