{"id":39097,"date":"2022-07-01T12:57:21","date_gmt":"2022-07-01T15:57:21","guid":{"rendered":"https:\/\/tvc16.com\/portal\/?p=39097"},"modified":"2022-07-01T12:57:22","modified_gmt":"2022-07-01T15:57:22","slug":"grandes-eventos-vao-movimentar-o-mes-de-julho-em-petropolis","status":"publish","type":"post","link":"https:\/\/tvc16.com\/portal\/2022\/07\/01\/grandes-eventos-vao-movimentar-o-mes-de-julho-em-petropolis\/","title":{"rendered":"Grandes eventos v\u00e3o movimentar o m\u00eas de julho em Petr\u00f3polis"},"content":{"rendered":"\n<p>O primeiro m\u00eas de inverno est\u00e1 com uma programa\u00e7\u00e3o extensa que vai movimentar o setor do turismo e de eventos da cidade. As atra\u00e7\u00f5es acontecem em pra\u00e7as p\u00fablicas e nos distritos, incluindo no Parque Municipal Prefeito Paulo Rattes, em Itaipava. Tem festa para todos os gostos e p\u00fablicos. A programa\u00e7\u00e3o come\u00e7a nesta sexta-feira (1) e segue at\u00e9 o \u00faltimo dia do m\u00eas.<\/p>\n\n\n\n<p>\u201cO inverno \u00e9 a nossa esta\u00e7\u00e3o mais charmosa. O frio atrai os turistas e com uma programa\u00e7\u00e3o repleta de eventos \u00e9 um convite a mais para subir a Serra. O turismo \u00e9 uma das nossas principais atividades econ\u00f4micas, que gera renda e emprego. Por isso a import\u00e2ncia de desenvolver o setor\u201d, disse o prefeito Rubens Bomtempo.<\/p>\n\n\n\n<p>Gastronomia, cerveja e cultura: atra\u00e7\u00f5es para todos os gostos<\/p>\n\n\n\n<p>A programa\u00e7\u00e3o come\u00e7a com o Festival de Fondue, Racletes, Caldos e Cremes promovido pelo Petr\u00f3polis Convention &amp; Visitors Bureau (PCVB) nos restaurantes participantes; tem o lan\u00e7amento da Vila Cervejeira de Petr\u00f3polis na Cervejaria Bohemia e o Roda Viva, que acontece na Pra\u00e7a Visconde de Mau\u00e1.<\/p>\n\n\n\n<p>O m\u00eas de julho conta ainda com a Feira Deguste e o Festival SerraForr\u00f3, na Pra\u00e7a da Liberdade, com a participa\u00e7\u00e3o da Vila Cervejeira. A programa\u00e7\u00e3o tem ainda o Festival Sesc de Inverno com atra\u00e7\u00f5es no Sesc Quitandinha, Pra\u00e7a da Liberdade e no Parque Municipal Prefeito Paulo Rattes, em Itaipava.<\/p>\n\n\n\n<p>Tamb\u00e9m est\u00e1 previsto o 4\u00ba Encontro Petropolitano de Ve\u00edculos de Cole\u00e7\u00e3o no Centro Hist\u00f3rico e o Festival de Inverno Itaipava, com shows de Thiaguinho e Pedro Sampaio, no Parque Municipal. A Pra\u00e7a de Secret\u00e1rio, em Pedro do Rio, receber\u00e1 a oitava edi\u00e7\u00e3o do Festival Agroserra da Ro\u00e7a ao Prato e em Nogueira, acontece a 49\u00aa Festa de S\u00e3o Crist\u00f3v\u00e3o. A programa\u00e7\u00e3o do m\u00eas termina com o Ecobrech\u00f3 Park, no Parque Municipal, em Itaipava.<\/p>\n\n\n\n<p>\u201cNo m\u00eas de junho tivemos v\u00e1rias atra\u00e7\u00f5es que movimentaram a economia da cidade, trouxeram turistas e divertiram os petropolitanos. Depois de dois anos de restri\u00e7\u00f5es por conta da pandemia e das chuvas, estamos conseguindo nos reerguer e retomar essa importante atividade econ\u00f4mica, que \u00e9 o turismo\u201d, disse a secret\u00e1ria de Turismo, Silva Guedon.<\/p>\n\n\n\n<p>Veja a programa\u00e7\u00e3o completa para o m\u00eas de julho:<\/p>\n\n\n\n<p>FESTIVAL DE FONDUE, RACLETES, CALDOS E CREMES<br>Restaurantes participantes<br>01 a 31 de julho<br>Realiza\u00e7\u00e3o: Petr\u00f3polis e Convention &amp; Visitors Bureau<br>www.visitepetropolis.com<\/p>\n\n\n\n<p>LAN\u00c7AMENTO DA VILA CERVEJEIRA DE PETR\u00d3POLIS<br>Cervejaria Bohemia \u2013 Rua Alfredo Pach\u00e1, 166 \u2013 Centro Hist\u00f3rico<br>30 de junho a 03 de julho<br>Realiza\u00e7\u00e3o: Bohemia, Brewpoint, De Souza, Duas Torres, Odin e Sampler.<\/p>\n\n\n\n<p>RODA VIVA<br>Pra\u00e7a Visconde de Mau\u00e1<br>02 de julho &#8211; 14h \u00e0s 22h<br>Realiza\u00e7\u00e3o: Na\u00e7\u00e3o Hip Hop Petr\u00f3polis<\/p>\n\n\n\n<p>DEGUSTE<br>Pra\u00e7a Visconde de Mau\u00e1 \u2013 Centro Hist\u00f3rico<br>08 e 09 de julho<br>Realiza\u00e7\u00e3o: Deguste Promo\u00e7\u00f5es e Eventos Ltda.<br>Instagram: @feiradeguste<\/p>\n\n\n\n<p>FESTIVAL SERRAFORR\u00d3<br>Pra\u00e7a da Liberdade \u2013 Centro Hist\u00f3rico<br>Com participa\u00e7\u00e3o da Vila Cervejeira de Petr\u00f3polis<br>08 e 09 de julho<\/p>\n\n\n\n<p>FESTIVAL SESC DE INVERNO<br>14 a 31 de julho &#8211; SESC Quitandinha, Av. Joaquim Rolla, 02 &#8211; Quitandinha<br>16 a 24 de julho \u2013 Pra\u00e7a da Liberdade \u2013 Centro Hist\u00f3rico<br>30 a 31 de julho &#8211; Parque Municipal Prefeito Paulo Rattes \u2013 Itaipava<br>Realiza\u00e7\u00e3o: SESC Rio<br>Instagram: @sescrio \/ @sescquitandinharj<\/p>\n\n\n\n<p>4\u00ba ENCONTRO PETROPOLITANO DE VE\u00cdCULOS DE COLE\u00c7\u00c3O<br>Rua Alfredo Pach\u00e1 \u2013 Centro Hist\u00f3rico<br>16 e 17 de julho<br>Realiza\u00e7\u00e3o: Clube do Opala de Petr\u00f3polis<\/p>\n\n\n\n<p>FESTIVAL DE INVERNO DE ITAIPAVA<br>Parque Municipal Prefeito Paulo Rattes \u2013 Itaipava<br>17 de julho a partir das 16h \u2013 Thiaguinho e Pedro Sampaio<br>Realiza\u00e7\u00e3o: Doi2 Entretenimento<br>Instagram: @festivaldeinverno.itaipava<\/p>\n\n\n\n<p>8\u00ba FESTIVAL AGROSERRA DA RO\u00c7A AO PRATO<br>Pra\u00e7a de Secret\u00e1rio \u2013 Pedro do Rio<br>22 a 24 de julho<br>Realiza\u00e7\u00e3o: Instituto Caminho da Ro\u00e7a \u2013 ICR<br>Instagram: @festivalagroserra<\/p>\n\n\n\n<p>ECOBRECH\u00d3 PARK<br>Parque Municipal Prefeito Paulo Rattes, Estrada Uni\u00e3o e Ind\u00fastria, 10.000 &#8211; Itaipava<br>22 a 24 de julho<br>Realiza\u00e7\u00e3o: Ana Carolina Lima Mayworm MEI<br>Instagram: @ecobrechopark<\/p>\n\n\n\n<p>49\u00aa FESTA DE S\u00c3O CRISTOV\u00c3O<br>Pra\u00e7a de Nogueira \u2013 Nogueira<br>22 a 25 de julho<br>Realiza\u00e7\u00e3o: Associa\u00e7\u00e3o de Moradores e Amigos de Nogueira \u2013 AMAN<br>Prociss\u00e3o de S\u00e3o Crist\u00f3v\u00e3o no dia 25 de julho, a partir das 18h &#8211; no entorno da Pra\u00e7a de Nogueira com ben\u00e7\u00e3o de carros.<\/p>\n\n\n\n<p>PROGRAMA\u00c7\u00c3O SUJEITA A ALTERA\u00c7\u00c3O<\/p>\n","protected":false},"excerpt":{"rendered":"<p>O primeiro m\u00eas de inverno est\u00e1 com uma programa\u00e7\u00e3o extensa que vai movimentar o setor<\/p>\n","protected":false},"author":2,"featured_media":39098,"comment_status":"open","ping_status":"open","sticky":false,"template":"","format":"standard","meta":{"footnotes":""},"categories":[12],"tags":[],"class_list":["post-39097","post","type-post","status-publish","format-standard","has-post-thumbnail","hentry","category-cidade"],"_links":{"self":[{"href":"https:\/\/tvc16.com\/portal\/wp-json\/wp\/v2\/posts\/39097","targetHints":{"allow":["GET"]}}],"collection":[{"href":"https:\/\/tvc16.com\/portal\/wp-json\/wp\/v2\/posts"}],"about":[{"href":"https:\/\/tvc16.com\/portal\/wp-json\/wp\/v2\/types\/post"}],"author":[{"embeddable":true,"href":"https:\/\/tvc16.com\/portal\/wp-json\/wp\/v2\/users\/2"}],"replies":[{"embeddable":true,"href":"https:\/\/tvc16.com\/portal\/wp-json\/wp\/v2\/comments?post=39097"}],"version-history":[{"count":1,"href":"https:\/\/tvc16.com\/portal\/wp-json\/wp\/v2\/posts\/39097\/revisions"}],"predecessor-version":[{"id":39099,"href":"https:\/\/tvc16.com\/portal\/wp-json\/wp\/v2\/posts\/39097\/revisions\/39099"}],"wp:featuredmedia":[{"embeddable":true,"href":"https:\/\/tvc16.com\/portal\/wp-json\/wp\/v2\/media\/39098"}],"wp:attachment":[{"href":"https:\/\/tvc16.com\/portal\/wp-json\/wp\/v2\/media?parent=39097"}],"wp:term":[{"taxonomy":"category","embeddable":true,"href":"https:\/\/tvc16.com\/portal\/wp-json\/wp\/v2\/categories?post=39097"},{"taxonomy":"post_tag","embeddable":true,"href":"https:\/\/tvc16.com\/portal\/wp-json\/wp\/v2\/tags?post=39097"}],"curies":[{"name":"wp","href":"https:\/\/api.w.org\/{rel}","templated":true}]}}