{"id":39100,"date":"2022-07-01T13:01:46","date_gmt":"2022-07-01T16:01:46","guid":{"rendered":"https:\/\/tvc16.com\/portal\/?p=39100"},"modified":"2022-07-01T13:01:48","modified_gmt":"2022-07-01T16:01:48","slug":"ministerio-viabiliza-reajuste-de-salario-para-agentes-de-saude","status":"publish","type":"post","link":"https:\/\/tvc16.com\/portal\/2022\/07\/01\/ministerio-viabiliza-reajuste-de-salario-para-agentes-de-saude\/","title":{"rendered":"Minist\u00e9rio viabiliza reajuste de sal\u00e1rio para agentes de sa\u00fade"},"content":{"rendered":"\n<h3 class=\"wp-block-heading\">Eles passar\u00e3o a ganhar R$ 2.424,00<\/h3>\n\n\n\n<h4 class=\"wp-block-heading\">Por Karine Melo &#8211; Rep\u00f3rter da Ag\u00eancia Brasil &#8211; Bras\u00edlia<audio src=\"https:\/\/tts-app.ebc.com.br\/media\/tts\/102678.mp3\"><\/h4>\n\n\n\n<p>Mais de 280 mil agentes comunit\u00e1rios em sa\u00fade e de combate a endemias profissionais em todo Brasil ser\u00e3o beneficiados com duas portarias que oficializam o aumento da remunera\u00e7\u00e3o desses profissionais. Elas liberam R$ 2,2 bilh\u00f5es em cr\u00e9dito adicional para custear a medida.<img decoding=\"async\" src=\"https:\/\/agenciabrasil.ebc.com.br\/ebc.png?id=1468726&amp;o=node\"><img decoding=\"async\" src=\"https:\/\/agenciabrasil.ebc.com.br\/ebc.gif?id=1468726&amp;o=node\"><\/p>\n\n\n\n<p>A normativa do governo atende o que determina a Emenda Constitucional n\u00ba 120, de 5 de maio de 2022, aprovada pelo Congresso Nacional. Segundo a norma, o incentivo federal para o financiamento desses profissionais n\u00e3o deve ser inferior a dois sal\u00e1rios m\u00ednimos.<\/p>\n\n\n\n<p>Segundo o ministro da Sa\u00fade, Marcelo Queiroga, \u201cos agentes comunit\u00e1rios de sa\u00fade e endemias s\u00e3o os olhos e ouvidos do Sistema \u00danico de Sa\u00fade (SUS) na casa dos brasileiros\u201d. Os profissionais s\u00e3o essenciais para a integra\u00e7\u00e3o entre servi\u00e7os de sa\u00fade da Aten\u00e7\u00e3o Prim\u00e1ria e a comunidade, e devem estar vinculados \u00e0s Unidades B\u00e1sicas de Sa\u00fade (UBS) e credenciados pelo Minist\u00e9rio da Sa\u00fade.<\/p>\n\n\n\n<h2 class=\"wp-block-heading\">Sal\u00e1rio reajustado<\/h2>\n\n\n\n<p>Com a mudan\u00e7a, a remunera\u00e7\u00e3o por agente passa a ser de R$ 2.424,00. J\u00e1 os agentes de combate a endemias t\u00eam outra fun\u00e7\u00e3o. Eles trabalham na preven\u00e7\u00e3o de doen\u00e7as como dengue, zika, chikungunya, raiva, febre amarela e leishmaniose. Tamb\u00e9m s\u00e3o respons\u00e1veis pelas a\u00e7\u00f5es de orienta\u00e7\u00f5es da popula\u00e7\u00e3o quanto aos principais sintomas e ajudam no controle dos casos suspeitos em cada regi\u00e3o e na vacina\u00e7\u00e3o de c\u00e3es e gatos contra raiva.<\/p>\n\n\n\n<p>Para o presidente da Federa\u00e7\u00e3o Nacional dos Agentes Comunit\u00e1rios de Sa\u00fade e Endemias (Fenasce), Luis Claudio, \u201cesse momento \u00e9 hist\u00f3rico, pois uma luta de 11 anos hoje se consagra com esse reajuste. Esses profissionais n\u00e3o medem esfor\u00e7os para levar o SUS at\u00e9 a popula\u00e7\u00e3o, principalmente, aquela vulner\u00e1vel\u201d, explicou.<\/p>\n\n\n\n<p>Edi\u00e7\u00e3o: Kleber Sampaio<\/p>\n","protected":false},"excerpt":{"rendered":"<p>Eles passar\u00e3o a ganhar R$ 2.424,00 Por Karine Melo &#8211; Rep\u00f3rter da Ag\u00eancia Brasil &#8211;<\/p>\n","protected":false},"author":2,"featured_media":39101,"comment_status":"open","ping_status":"open","sticky":false,"template":"","format":"standard","meta":{"footnotes":""},"categories":[17],"tags":[],"class_list":["post-39100","post","type-post","status-publish","format-standard","has-post-thumbnail","hentry","category-outras-noticias"],"_links":{"self":[{"href":"https:\/\/tvc16.com\/portal\/wp-json\/wp\/v2\/posts\/39100","targetHints":{"allow":["GET"]}}],"collection":[{"href":"https:\/\/tvc16.com\/portal\/wp-json\/wp\/v2\/posts"}],"about":[{"href":"https:\/\/tvc16.com\/portal\/wp-json\/wp\/v2\/types\/post"}],"author":[{"embeddable":true,"href":"https:\/\/tvc16.com\/portal\/wp-json\/wp\/v2\/users\/2"}],"replies":[{"embeddable":true,"href":"https:\/\/tvc16.com\/portal\/wp-json\/wp\/v2\/comments?post=39100"}],"version-history":[{"count":1,"href":"https:\/\/tvc16.com\/portal\/wp-json\/wp\/v2\/posts\/39100\/revisions"}],"predecessor-version":[{"id":39102,"href":"https:\/\/tvc16.com\/portal\/wp-json\/wp\/v2\/posts\/39100\/revisions\/39102"}],"wp:featuredmedia":[{"embeddable":true,"href":"https:\/\/tvc16.com\/portal\/wp-json\/wp\/v2\/media\/39101"}],"wp:attachment":[{"href":"https:\/\/tvc16.com\/portal\/wp-json\/wp\/v2\/media?parent=39100"}],"wp:term":[{"taxonomy":"category","embeddable":true,"href":"https:\/\/tvc16.com\/portal\/wp-json\/wp\/v2\/categories?post=39100"},{"taxonomy":"post_tag","embeddable":true,"href":"https:\/\/tvc16.com\/portal\/wp-json\/wp\/v2\/tags?post=39100"}],"curies":[{"name":"wp","href":"https:\/\/api.w.org\/{rel}","templated":true}]}}