{"id":39103,"date":"2022-07-01T20:20:26","date_gmt":"2022-07-01T23:20:26","guid":{"rendered":"https:\/\/tvc16.com\/portal\/?p=39103"},"modified":"2022-07-01T20:20:28","modified_gmt":"2022-07-01T23:20:28","slug":"primeira-missa-na-catedral-sao-pedro-de-alcantara-e-realizada-apos-reformas","status":"publish","type":"post","link":"https:\/\/tvc16.com\/portal\/2022\/07\/01\/primeira-missa-na-catedral-sao-pedro-de-alcantara-e-realizada-apos-reformas\/","title":{"rendered":"Primeira missa na Catedral S\u00e3o Pedro de Alc\u00e2ntara \u00e9 realizada ap\u00f3s reformas"},"content":{"rendered":"\n<p>\u201cN\u00f3s agora contemplamos com tanta magnitude este templo oferecido para Deus e para a gl\u00f3ria dele\u201d, estas foram algumas palavras ditas pelo Bispo Dom Greg\u00f3rio Paix\u00e3o na manh\u00e3 desta sexta-feira, 01\/07 a Catedral S\u00e3o Pedro de Alc\u00e2ntara recebeu centenas de pessoas, para a primeira missa ap\u00f3s a restaura\u00e7\u00e3o. Diversas autoridades pol\u00edticas, religiosas e moradores de Petr\u00f3polis estiveram presentes, para prestigiar o retorno de um dos locais mais visitados do mun\u00edcipio.<\/p>\n\n\n\n<figure class=\"wp-block-image size-large\"><img loading=\"lazy\" decoding=\"async\" width=\"1024\" height=\"570\" src=\"https:\/\/tvc16.com\/portal\/wp-content\/uploads\/2022\/07\/WhatsApp-Image-2022-07-01-at-16.07.28-1024x570.jpeg\" alt=\"\" class=\"wp-image-39105\" srcset=\"https:\/\/tvc16.com\/portal\/wp-content\/uploads\/2022\/07\/WhatsApp-Image-2022-07-01-at-16.07.28-1024x570.jpeg 1024w, https:\/\/tvc16.com\/portal\/wp-content\/uploads\/2022\/07\/WhatsApp-Image-2022-07-01-at-16.07.28-300x167.jpeg 300w, https:\/\/tvc16.com\/portal\/wp-content\/uploads\/2022\/07\/WhatsApp-Image-2022-07-01-at-16.07.28-768x428.jpeg 768w, https:\/\/tvc16.com\/portal\/wp-content\/uploads\/2022\/07\/WhatsApp-Image-2022-07-01-at-16.07.28.jpeg 1279w\" sizes=\"auto, (max-width: 1024px) 100vw, 1024px\" \/><figcaption> Bispo Dom Greg\u00f3rio Paix\u00e3o em celebra\u00e7\u00e3o na manh\u00e3 desta sexta-feira<\/figcaption><\/figure>\n\n\n\n<p><br>\u201cA gente vai conhecer de novo a nossa Catedral\u201d, disse o prefeito de Petr\u00f3polis Rubens Bomtempo.<br>Respons\u00e1veis pela reforma, que trabalharam durante meses, para entregar o monumento ao povo petropolitano, tamb\u00e9m estiveram presentes durante a missa.<\/p>\n\n\n\n<p><br>\u201cFazer parte de tudo isso foi muito importante, n\u00e3o tem pre\u00e7o\u201d, disse Ma\u00edra Dulcetti, uma das respons\u00e1veis pela restaura\u00e7\u00e3o dos m\u00f3veis de madeira do ambiente.<\/p>\n\n\n\n<figure class=\"wp-block-image size-large\"><img loading=\"lazy\" decoding=\"async\" width=\"1024\" height=\"575\" src=\"https:\/\/tvc16.com\/portal\/wp-content\/uploads\/2022\/07\/WhatsApp-Image-2022-07-01-at-16.06.20-1024x575.jpeg\" alt=\"\" class=\"wp-image-39106\" srcset=\"https:\/\/tvc16.com\/portal\/wp-content\/uploads\/2022\/07\/WhatsApp-Image-2022-07-01-at-16.06.20-1024x575.jpeg 1024w, https:\/\/tvc16.com\/portal\/wp-content\/uploads\/2022\/07\/WhatsApp-Image-2022-07-01-at-16.06.20-300x169.jpeg 300w, https:\/\/tvc16.com\/portal\/wp-content\/uploads\/2022\/07\/WhatsApp-Image-2022-07-01-at-16.06.20-768x431.jpeg 768w, https:\/\/tvc16.com\/portal\/wp-content\/uploads\/2022\/07\/WhatsApp-Image-2022-07-01-at-16.06.20.jpeg 1280w\" sizes=\"auto, (max-width: 1024px) 100vw, 1024px\" \/><figcaption>A popula\u00e7\u00e3o compareceu massivamente a reinaugura\u00e7\u00e3o deste importante ponto tur\u00edstico de Petr\u00f3polis<\/figcaption><\/figure>\n\n\n\n<p><br>Quem tamb\u00e9m esteve no local foi Luciana Lopes, respons\u00e1vel pela restaura\u00e7\u00e3o mausol\u00e9u imperial.<br>\u201cO restauro n\u00e3o \u00e9 s\u00f3 colocar na m\u00e3o, tem que se embasar para resolver as situa\u00e7\u00f5es. No papel \u00e9 de uma forma, mas na pr\u00e1tica tudo se transforma!\u201d, disse Luciana Lopes.<\/p>\n\n\n\n<p><br>H\u00e1 s\u00e9culos um dos principais s\u00edmbolos petropolitanos vem trazendo carinho para os religiosos e tamb\u00e9m conhecimento sobre uma parte da hist\u00f3ria da cidade. A reabertura da Catedral S\u00e3o Pedro de Alc\u00e2ntara para muitos \u00e9 um marco significativo. J\u00e1 que o templo fica no cora\u00e7\u00e3o do Centro Hist\u00f3rico.<\/p>\n\n\n\n<p><br>\u201cN\u00e3o \u00e9 s\u00f3 uma entrega para Petr\u00f3polis e para o estado do Rio de Janeiro, a entrega \u00e9 para todo o Brasil. Como eu disse para o Bispo Dom Greg\u00f3rio Paix\u00e3o, esta Catedral tem uma import\u00e2ncia hist\u00f3rica t\u00e3o grande que n\u00e3o \u00e9 apenas a entrega de uma reforma, mas sim um restauro espiritual e cultural da comunidade de Petr\u00f3polis e para o Brasil. Este tipo de entrega que mant\u00e9m a nossa uni\u00e3o.\u201d, disse Lucas Jord\u00e3o, o representante do Minist\u00e9rio do Turismo presente na missa.<\/p>\n\n\n\n<p><br>Um dos principais pontos abordados durante a restaura\u00e7\u00e3o era a acessibilidade. Ricardo da Silva Vicente, \u00e9 aposentado, e desde que ficou parapl\u00e9gico em um acidente de moto, h\u00e1 11 anos atr\u00e1s, n\u00e3o conseguia mais frequentar a igreja.<\/p>\n\n\n\n<p><br>\u201cA gente se sente inclu\u00eddo porque a gente sabe que ainda existem alguns locais que n\u00e3o h\u00e1 acesso. Esse tipo de trabalho \u00e9 uma vit\u00f3ria para a gente\u201d, disse o aposentado Ricardo da Silva Vicente.<\/p>\n\n\n\n<p><strong><em>Reportagem Gabriel Faxola                                                                                                                                 Imagens Wendel Fernandes<\/em><\/strong><\/p>\n","protected":false},"excerpt":{"rendered":"<p>\u201cN\u00f3s agora contemplamos com tanta magnitude este templo oferecido para Deus e para a gl\u00f3ria<\/p>\n","protected":false},"author":2,"featured_media":39104,"comment_status":"open","ping_status":"open","sticky":true,"template":"","format":"standard","meta":{"footnotes":""},"categories":[12,21,264,118],"tags":[],"class_list":["post-39103","post","type-post","status-publish","format-standard","has-post-thumbnail","hentry","category-cidade","category-cultura","category-destaque","category-programacao"],"_links":{"self":[{"href":"https:\/\/tvc16.com\/portal\/wp-json\/wp\/v2\/posts\/39103","targetHints":{"allow":["GET"]}}],"collection":[{"href":"https:\/\/tvc16.com\/portal\/wp-json\/wp\/v2\/posts"}],"about":[{"href":"https:\/\/tvc16.com\/portal\/wp-json\/wp\/v2\/types\/post"}],"author":[{"embeddable":true,"href":"https:\/\/tvc16.com\/portal\/wp-json\/wp\/v2\/users\/2"}],"replies":[{"embeddable":true,"href":"https:\/\/tvc16.com\/portal\/wp-json\/wp\/v2\/comments?post=39103"}],"version-history":[{"count":1,"href":"https:\/\/tvc16.com\/portal\/wp-json\/wp\/v2\/posts\/39103\/revisions"}],"predecessor-version":[{"id":39107,"href":"https:\/\/tvc16.com\/portal\/wp-json\/wp\/v2\/posts\/39103\/revisions\/39107"}],"wp:featuredmedia":[{"embeddable":true,"href":"https:\/\/tvc16.com\/portal\/wp-json\/wp\/v2\/media\/39104"}],"wp:attachment":[{"href":"https:\/\/tvc16.com\/portal\/wp-json\/wp\/v2\/media?parent=39103"}],"wp:term":[{"taxonomy":"category","embeddable":true,"href":"https:\/\/tvc16.com\/portal\/wp-json\/wp\/v2\/categories?post=39103"},{"taxonomy":"post_tag","embeddable":true,"href":"https:\/\/tvc16.com\/portal\/wp-json\/wp\/v2\/tags?post=39103"}],"curies":[{"name":"wp","href":"https:\/\/api.w.org\/{rel}","templated":true}]}}