{"id":39112,"date":"2022-07-01T20:45:07","date_gmt":"2022-07-01T23:45:07","guid":{"rendered":"https:\/\/tvc16.com\/portal\/?p=39112"},"modified":"2022-07-01T20:45:08","modified_gmt":"2022-07-01T23:45:08","slug":"reviravolta-no-stf-da-vitoria-a-garotinho","status":"publish","type":"post","link":"https:\/\/tvc16.com\/portal\/2022\/07\/01\/reviravolta-no-stf-da-vitoria-a-garotinho\/","title":{"rendered":"Reviravolta no STF d\u00e1 vit\u00f3ria a Garotinho"},"content":{"rendered":"\n<p>Depois de uma madrugada de ang\u00fastia a fam\u00edlia Garotinho est\u00e1 comemorando uma supreendente virada de mesa no julgamento da valida\u00e7\u00e3o da provas do processo do Chequinho. O Ministro Kassio Nunes Marques acaba de publicar o seu novo voto, que reverteu o quadro da madrugada. O placar inverteu: ficou agora 3 a 2 favor\u00e1vel ao ex-Governador Anthony Garotinho, que passa a ser considerado apto para concorrer a qualquer cargo eletivo no pr\u00f3ximo pleito, inclusive ao de Governador.<\/p>\n\n\n\n<p>Na madrugada foi revelado o voto o ministro Andr\u00e9 Mendon\u00e7a que acompanhou a diverg\u00eancia aberto pelo colega \u00c9dson Fachin. Nunes Marques j\u00e1 havia surpreendido a todos votando junto com a posi\u00e7\u00e3o divergente. Na madrugada, o quadro colocou, como noticiou em primeira m\u00e3o o Correio da Manh\u00e3 em 2\u00ba edi\u00e7\u00e3o os dois ministros indicados pelo governo Bolsonaro ao lado do ministro que foi advogado do MST.<\/p>\n\n\n\n<p>Na sexta, 01, o ministro Nunes Marques recolheu seu voto , j\u00e1 que o julgamento est\u00e1 aberto at\u00e9 o dia 05 de julho e as 20 horas fez a publica\u00e7\u00e3o inventendo a sua posi\u00e7\u00e3o, passando apoiar os ministro&nbsp;Lewandowski &nbsp;e Gilmar Mendes.<\/p>\n\n\n\n<p>A reviravolta desta mudan\u00e7a ser\u00e1 revelada pela coluna Magnavita nesta segunda. Antecipamos que o ministro Gilmar Mendes havia ficado profundamente contrariado com a decis\u00e3o dos seus colegas novatos.<\/p>\n\n\n\n<p>Esta novela&nbsp;&nbsp;dificilmente&nbsp;&nbsp;ter\u00e1 novos cap\u00edtulos at\u00e9 a pr\u00f3xima ter\u00e7a.<\/p>\n\n\n\n<p>O resultado tem impacto direto no julgamento no TRE-RJ, j\u00e1 que a anula\u00e7\u00e3o das provas torna nula qualquer decis\u00e3o da corte.<\/p>\n\n\n\n<p>O impacto da decis\u00e3o na pr\u00f3xima elei\u00e7\u00e3o depende agora do Uni\u00e3o Brasil, legenda pela qual Garotinho \u00e9 filiado e pretende concorrer ao governo do Rio. O presidente da legenda Luciano Bivar acenou favor\u00e1vel \u00e0 candidatura do ex-governador ao Governo do estado.<\/p>\n\n\n\n<p><em>Coluna Magnavita &#8211; Jornal Correio da Manh\u00e3<\/em><\/p>\n","protected":false},"excerpt":{"rendered":"<p>Depois de uma madrugada de ang\u00fastia a fam\u00edlia Garotinho est\u00e1 comemorando uma supreendente virada de<\/p>\n","protected":false},"author":2,"featured_media":39113,"comment_status":"open","ping_status":"open","sticky":false,"template":"","format":"standard","meta":{"footnotes":""},"categories":[17,15],"tags":[],"class_list":["post-39112","post","type-post","status-publish","format-standard","has-post-thumbnail","hentry","category-outras-noticias","category-politica"],"_links":{"self":[{"href":"https:\/\/tvc16.com\/portal\/wp-json\/wp\/v2\/posts\/39112","targetHints":{"allow":["GET"]}}],"collection":[{"href":"https:\/\/tvc16.com\/portal\/wp-json\/wp\/v2\/posts"}],"about":[{"href":"https:\/\/tvc16.com\/portal\/wp-json\/wp\/v2\/types\/post"}],"author":[{"embeddable":true,"href":"https:\/\/tvc16.com\/portal\/wp-json\/wp\/v2\/users\/2"}],"replies":[{"embeddable":true,"href":"https:\/\/tvc16.com\/portal\/wp-json\/wp\/v2\/comments?post=39112"}],"version-history":[{"count":1,"href":"https:\/\/tvc16.com\/portal\/wp-json\/wp\/v2\/posts\/39112\/revisions"}],"predecessor-version":[{"id":39114,"href":"https:\/\/tvc16.com\/portal\/wp-json\/wp\/v2\/posts\/39112\/revisions\/39114"}],"wp:featuredmedia":[{"embeddable":true,"href":"https:\/\/tvc16.com\/portal\/wp-json\/wp\/v2\/media\/39113"}],"wp:attachment":[{"href":"https:\/\/tvc16.com\/portal\/wp-json\/wp\/v2\/media?parent=39112"}],"wp:term":[{"taxonomy":"category","embeddable":true,"href":"https:\/\/tvc16.com\/portal\/wp-json\/wp\/v2\/categories?post=39112"},{"taxonomy":"post_tag","embeddable":true,"href":"https:\/\/tvc16.com\/portal\/wp-json\/wp\/v2\/tags?post=39112"}],"curies":[{"name":"wp","href":"https:\/\/api.w.org\/{rel}","templated":true}]}}