{"id":39117,"date":"2022-07-02T08:45:00","date_gmt":"2022-07-02T11:45:00","guid":{"rendered":"https:\/\/tvc16.com\/portal\/?p=39117"},"modified":"2022-07-01T21:14:05","modified_gmt":"2022-07-02T00:14:05","slug":"festa-julina-movimenta-cascatinha-no-fim-de-semana","status":"publish","type":"post","link":"https:\/\/tvc16.com\/portal\/2022\/07\/02\/festa-julina-movimenta-cascatinha-no-fim-de-semana\/","title":{"rendered":"Festa julina movimenta Cascatinha no fim de semana"},"content":{"rendered":"\n<p>Os festejos julinos movimentam neste fim de semana a Pra\u00e7a Monsenhor Aquiles Melo, em frente \u00e0 Igreja de Sant\u2019Anna e S\u00e3o Joaquim, conhecida como matriz de Cascatinha. As comemora\u00e7\u00f5es, apoiadas pela Prefeitura, t\u00eam in\u00edcio \u00e0s 11h de s\u00e1bado (2), com barraquinhas de brincadeiras e comidas t\u00edpicas \u2013 cachorro-quente, canjica, caldos, doces, quent\u00e3o \u2013, dan\u00e7a de quadrilha e forr\u00f3.<\/p>\n\n\n\n<p>A festa, na quadra da pra\u00e7a, vai at\u00e9 a noite de domingo, organizada pelo Projeto Amigos de Cascatinha (PAC), que promove atividades sociais no bairro h\u00e1 mais de 15 anos. A programa\u00e7\u00e3o come\u00e7a com o DJ Torrada, \u00e0s 11h de s\u00e1bado, e tem o grupo Explode Cora\u00e7\u00e3o \u00e0s 18h. No domingo, o DJ anima a festa a partir das 11h e 15h. O cantor Xand\u00e3o dos Teclados se apresenta \u00e0s 11h30 e Adriano de Mau\u00e1, \u00e0s 18h.<\/p>\n\n\n\n<p>A Prefeitura apoia a festa por meio do Instituto Municipal de Cultura (IMC), com os shows e banheiros qu\u00edmicos; Comdep, barracas; e Secretaria de Servi\u00e7os, Seguran\u00e7a e Ordem P\u00fablica, com a ilumina\u00e7\u00e3o.&nbsp; Criador do PAC, o vereador Marcelo Chit\u00e3o afirma que a iniciativa retoma a pra\u00e7a para os festejos julinos, j\u00e1 que nos \u00faltimos anos a festa tradicional de Cascatinha tem se restringido ao p\u00e1tio da igreja.<\/p>\n\n\n\n<p>\u201cNossa proposta \u00e9 proporcionar \u00e0s fam\u00edlias de Cascatinha um pouco de entretenimento e de alegria, depois de tudo que passamos com a pandemia. Queremos fazer isso resgatando coisas t\u00edpicas das festas antigas, para manter viva a tradi\u00e7\u00e3o\u201d, diz o vereador. A Igreja de Sant\u2019Anna e S\u00e3o Joaquim tamb\u00e9m promove festa em julho, no seu p\u00e1tio, nos dois \u00faltimos fins de semana do m\u00eas.<\/p>\n","protected":false},"excerpt":{"rendered":"<p>Os festejos julinos movimentam neste fim de semana a Pra\u00e7a Monsenhor Aquiles Melo, em frente<\/p>\n","protected":false},"author":2,"featured_media":39118,"comment_status":"open","ping_status":"open","sticky":false,"template":"","format":"standard","meta":{"footnotes":""},"categories":[12,21,118],"tags":[],"class_list":["post-39117","post","type-post","status-publish","format-standard","has-post-thumbnail","hentry","category-cidade","category-cultura","category-programacao"],"_links":{"self":[{"href":"https:\/\/tvc16.com\/portal\/wp-json\/wp\/v2\/posts\/39117","targetHints":{"allow":["GET"]}}],"collection":[{"href":"https:\/\/tvc16.com\/portal\/wp-json\/wp\/v2\/posts"}],"about":[{"href":"https:\/\/tvc16.com\/portal\/wp-json\/wp\/v2\/types\/post"}],"author":[{"embeddable":true,"href":"https:\/\/tvc16.com\/portal\/wp-json\/wp\/v2\/users\/2"}],"replies":[{"embeddable":true,"href":"https:\/\/tvc16.com\/portal\/wp-json\/wp\/v2\/comments?post=39117"}],"version-history":[{"count":1,"href":"https:\/\/tvc16.com\/portal\/wp-json\/wp\/v2\/posts\/39117\/revisions"}],"predecessor-version":[{"id":39119,"href":"https:\/\/tvc16.com\/portal\/wp-json\/wp\/v2\/posts\/39117\/revisions\/39119"}],"wp:featuredmedia":[{"embeddable":true,"href":"https:\/\/tvc16.com\/portal\/wp-json\/wp\/v2\/media\/39118"}],"wp:attachment":[{"href":"https:\/\/tvc16.com\/portal\/wp-json\/wp\/v2\/media?parent=39117"}],"wp:term":[{"taxonomy":"category","embeddable":true,"href":"https:\/\/tvc16.com\/portal\/wp-json\/wp\/v2\/categories?post=39117"},{"taxonomy":"post_tag","embeddable":true,"href":"https:\/\/tvc16.com\/portal\/wp-json\/wp\/v2\/tags?post=39117"}],"curies":[{"name":"wp","href":"https:\/\/api.w.org\/{rel}","templated":true}]}}