{"id":39120,"date":"2022-07-02T10:00:00","date_gmt":"2022-07-02T13:00:00","guid":{"rendered":"https:\/\/tvc16.com\/portal\/?p=39120"},"modified":"2022-07-01T21:18:21","modified_gmt":"2022-07-02T00:18:21","slug":"prefeitura-e-cddh-trabalham-na-regularizacao-fundiaria-de-comunidades-da-cidade","status":"publish","type":"post","link":"https:\/\/tvc16.com\/portal\/2022\/07\/02\/prefeitura-e-cddh-trabalham-na-regularizacao-fundiaria-de-comunidades-da-cidade\/","title":{"rendered":"Prefeitura e CDDH trabalham na regulariza\u00e7\u00e3o fundi\u00e1ria de comunidades da cidade"},"content":{"rendered":"\n<p><em>Madame Machado e Alem\u00e3o s\u00e3o as duas que est\u00e3o com o trabalho mais adiantado<\/em><\/p>\n\n\n\n<p>Os moradores das comunidades Madame Machado e Alem\u00e3o tiveram um boa not\u00edcia nesta semana: a regulariza\u00e7\u00e3o fundi\u00e1ria de suas casas est\u00e1 mais perto de sair do papel. Em reuni\u00e3o na sede da Prefeitura, na Avenida Koeler, o prefeito Rubens Bomtempo e representantes do CDDH (Centro de Defesa dos Direitos Humanos) concordaram em trabalhar juntos para entregar a documenta\u00e7\u00e3o de posse de suas casas o mais r\u00e1pido poss\u00edvel.<\/p>\n\n\n\n<p>Para isso, ao longo de julho, Prefeitura e CDDH far\u00e3o um levantamento de toda a documenta\u00e7\u00e3o que j\u00e1 existe sobre o assunto. Depois disso, as duas institui\u00e7\u00f5es se reunir\u00e3o com o Minist\u00e9rio P\u00fablico, para definir os passos seguintes.<\/p>\n\n\n\n<p>&#8220;Decidimos juntos fazer um trabalho de prospec\u00e7\u00e3o de todo o material que existe para a regulariza\u00e7\u00e3o fundi\u00e1ria de algumas comunidades da nossa cidade. N\u00e3o \u00e9 come\u00e7ar do zero. \u00c9 analisar o que j\u00e1 temos sobre isso, para n\u00e3o perdemos mais tempo. \u00c9 um trabalho para n\u00f3s garantirmos o direito \u00e0 moradia a muitas fam\u00edlias&#8221;, disse o prefeito Rubens Bomtempo.<\/p>\n\n\n\n<p>Os representantes do CDDH na reuni\u00e3o, Carla de Carvalho e Sidney H\u00e3n, apresentaram ao prefeito uma lista com 17 comunidades que podem ser contempladas com a regulariza\u00e7\u00e3o fundi\u00e1ria. As que est\u00e3o mais adiantadas s\u00e3o a Madame Machado e o Alem\u00e3o.<\/p>\n\n\n\n<p>&#8220;J\u00e1 tem muita coisa no meio do caminho e que n\u00f3s n\u00e3o voltaremos atr\u00e1s. Vamos do meio do caminho para frente, para conseguir entregar essa documenta\u00e7\u00e3o o mais r\u00e1pido poss\u00edvel. A nossa inten\u00e7\u00e3o aqui hoje foi falar desses processos, dos mais avan\u00e7ados e dos n\u00e3o t\u00e3o avan\u00e7ados, para n\u00f3s pensarmos, a partir dos mais avan\u00e7ados, como conseguir chegar \u00e0 finaliza\u00e7\u00e3o deles, a entrega da documenta\u00e7\u00e3o para as fam\u00edlias. E depois avan\u00e7ar nos que est\u00e3o mais para tr\u00e1s&#8221;, disse Carla de Carvalho.<\/p>\n","protected":false},"excerpt":{"rendered":"<p>Madame Machado e Alem\u00e3o s\u00e3o as duas que est\u00e3o com o trabalho mais adiantado Os<\/p>\n","protected":false},"author":2,"featured_media":39121,"comment_status":"open","ping_status":"open","sticky":false,"template":"","format":"standard","meta":{"footnotes":""},"categories":[12,264,15],"tags":[],"class_list":["post-39120","post","type-post","status-publish","format-standard","has-post-thumbnail","hentry","category-cidade","category-destaque","category-politica"],"_links":{"self":[{"href":"https:\/\/tvc16.com\/portal\/wp-json\/wp\/v2\/posts\/39120","targetHints":{"allow":["GET"]}}],"collection":[{"href":"https:\/\/tvc16.com\/portal\/wp-json\/wp\/v2\/posts"}],"about":[{"href":"https:\/\/tvc16.com\/portal\/wp-json\/wp\/v2\/types\/post"}],"author":[{"embeddable":true,"href":"https:\/\/tvc16.com\/portal\/wp-json\/wp\/v2\/users\/2"}],"replies":[{"embeddable":true,"href":"https:\/\/tvc16.com\/portal\/wp-json\/wp\/v2\/comments?post=39120"}],"version-history":[{"count":1,"href":"https:\/\/tvc16.com\/portal\/wp-json\/wp\/v2\/posts\/39120\/revisions"}],"predecessor-version":[{"id":39122,"href":"https:\/\/tvc16.com\/portal\/wp-json\/wp\/v2\/posts\/39120\/revisions\/39122"}],"wp:featuredmedia":[{"embeddable":true,"href":"https:\/\/tvc16.com\/portal\/wp-json\/wp\/v2\/media\/39121"}],"wp:attachment":[{"href":"https:\/\/tvc16.com\/portal\/wp-json\/wp\/v2\/media?parent=39120"}],"wp:term":[{"taxonomy":"category","embeddable":true,"href":"https:\/\/tvc16.com\/portal\/wp-json\/wp\/v2\/categories?post=39120"},{"taxonomy":"post_tag","embeddable":true,"href":"https:\/\/tvc16.com\/portal\/wp-json\/wp\/v2\/tags?post=39120"}],"curies":[{"name":"wp","href":"https:\/\/api.w.org\/{rel}","templated":true}]}}