{"id":39123,"date":"2022-07-02T11:00:00","date_gmt":"2022-07-02T14:00:00","guid":{"rendered":"https:\/\/tvc16.com\/portal\/?p=39123"},"modified":"2022-07-01T21:22:17","modified_gmt":"2022-07-02T00:22:17","slug":"roda-viva-acontece-neste-sabado-na-praca-visconde-de-maua","status":"publish","type":"post","link":"https:\/\/tvc16.com\/portal\/2022\/07\/02\/roda-viva-acontece-neste-sabado-na-praca-visconde-de-maua\/","title":{"rendered":"Roda Viva acontece neste s\u00e1bado na Pra\u00e7a Visconde de Mau\u00e1"},"content":{"rendered":"\n<p><em>Evento \u00e9 produzido pela Prefeitura em parceria com a Na\u00e7\u00e3o Hip Hop e o segmento de cultura urbana<\/em><\/p>\n\n\n\n<p>Acontece neste s\u00e1bado (2) na Pra\u00e7a Visconde de Mau\u00e1, no Centro da Cidade, o projeto Roda Viva, produzido pela Prefeitura em parceria com a Na\u00e7\u00e3o Hip Hop e o segmento de cultura urbana. O evento acontece desde 2014 e surgiu como uma forma de valorizar as diversas express\u00f5es da cultura urbana. A programa\u00e7\u00e3o tem in\u00edcio \u00e0s 14h e segue at\u00e9 \u00e0s 22h.<\/p>\n\n\n\n<p>A cada edi\u00e7\u00e3o, o evento conta com atra\u00e7\u00f5es art\u00edsticas e culturais para todas as idades, shows, apresenta\u00e7\u00f5es circenses e de dan\u00e7a, interven\u00e7\u00f5es po\u00e9ticas, game de skate, oficinas, debates com temas ligados \u00e0 juventude e ao direito \u00e0 cidade e outros temas atuais. Tamb\u00e9m tem Biblioteca Comunit\u00e1ria da Roda cultural do Centro de Cultura Raul de Leoni (CDC) e outras atra\u00e7\u00f5es totalmente gratuitas e sem fins lucrativos.<\/p>\n\n\n\n<p>Al\u00e9m disso, o projeto conta com atividades de formativas, e nesta edi\u00e7\u00e3o ter\u00e1 uma programa\u00e7\u00e3o local, com lan\u00e7amento de dois livros produzidos de forma independente. \u201cApoiar este tipo de iniciativa \u00e9 muito importante porque contribui para o aumento da diversidade da produ\u00e7\u00e3o musical e liter\u00e1ria da cidade\u201d, ressaltou a secret\u00e1ria de Cultura, Diana Ilescu, acrescentando que o \u201cprojeto, al\u00e9m de estar cumprindo o Plano Municipal de Cultura, contribui para consolidar e potencializar o segmento de cultura urbana. Al\u00e9m disso, o projeto incentiva a leitura cr\u00edtica de conte\u00fado liter\u00e1rio a partir do acervo da Biblioteca da Roda Cultural do CDC\u201d.<\/p>\n","protected":false},"excerpt":{"rendered":"<p>Evento \u00e9 produzido pela Prefeitura em parceria com a Na\u00e7\u00e3o Hip Hop e o segmento<\/p>\n","protected":false},"author":2,"featured_media":39124,"comment_status":"open","ping_status":"open","sticky":false,"template":"","format":"standard","meta":{"footnotes":""},"categories":[12,21,19,118],"tags":[],"class_list":["post-39123","post","type-post","status-publish","format-standard","has-post-thumbnail","hentry","category-cidade","category-cultura","category-educacao","category-programacao"],"_links":{"self":[{"href":"https:\/\/tvc16.com\/portal\/wp-json\/wp\/v2\/posts\/39123","targetHints":{"allow":["GET"]}}],"collection":[{"href":"https:\/\/tvc16.com\/portal\/wp-json\/wp\/v2\/posts"}],"about":[{"href":"https:\/\/tvc16.com\/portal\/wp-json\/wp\/v2\/types\/post"}],"author":[{"embeddable":true,"href":"https:\/\/tvc16.com\/portal\/wp-json\/wp\/v2\/users\/2"}],"replies":[{"embeddable":true,"href":"https:\/\/tvc16.com\/portal\/wp-json\/wp\/v2\/comments?post=39123"}],"version-history":[{"count":1,"href":"https:\/\/tvc16.com\/portal\/wp-json\/wp\/v2\/posts\/39123\/revisions"}],"predecessor-version":[{"id":39125,"href":"https:\/\/tvc16.com\/portal\/wp-json\/wp\/v2\/posts\/39123\/revisions\/39125"}],"wp:featuredmedia":[{"embeddable":true,"href":"https:\/\/tvc16.com\/portal\/wp-json\/wp\/v2\/media\/39124"}],"wp:attachment":[{"href":"https:\/\/tvc16.com\/portal\/wp-json\/wp\/v2\/media?parent=39123"}],"wp:term":[{"taxonomy":"category","embeddable":true,"href":"https:\/\/tvc16.com\/portal\/wp-json\/wp\/v2\/categories?post=39123"},{"taxonomy":"post_tag","embeddable":true,"href":"https:\/\/tvc16.com\/portal\/wp-json\/wp\/v2\/tags?post=39123"}],"curies":[{"name":"wp","href":"https:\/\/api.w.org\/{rel}","templated":true}]}}