{"id":39126,"date":"2022-07-02T08:20:00","date_gmt":"2022-07-02T11:20:00","guid":{"rendered":"https:\/\/tvc16.com\/portal\/?p=39126"},"modified":"2022-07-01T21:27:54","modified_gmt":"2022-07-02T00:27:54","slug":"fim-de-semana-de-oportunidades-para-adocao-responsavel-de-caes-e-gatos","status":"publish","type":"post","link":"https:\/\/tvc16.com\/portal\/2022\/07\/02\/fim-de-semana-de-oportunidades-para-adocao-responsavel-de-caes-e-gatos\/","title":{"rendered":"Fim de semana de oportunidades para ado\u00e7\u00e3o respons\u00e1vel de c\u00e3es e gatos"},"content":{"rendered":"\n<p>A Prefeitura, por meio da Coordenadoria de Bem Estar Animal (Cobea) realiza neste s\u00e1bado (2), a 13\u00aa Feira de Ado\u00e7\u00e3o respons\u00e1vel de c\u00e3es e gatos. O evento acontece na Pra\u00e7a Dom Pedro, no Centro da Cidade, das 10h \u00e0s 15h. O grupo de prote\u00e7\u00e3o C\u00e3o Amor e a Clinipet levar\u00e3o os animais para ado\u00e7\u00e3o.<\/p>\n\n\n\n<figure class=\"wp-block-image size-large\"><img loading=\"lazy\" decoding=\"async\" width=\"768\" height=\"1024\" src=\"https:\/\/tvc16.com\/portal\/wp-content\/uploads\/2022\/07\/WhatsApp-Image-2022-07-01-at-17.04.01-768x1024.jpeg\" alt=\"\" class=\"wp-image-39128\" srcset=\"https:\/\/tvc16.com\/portal\/wp-content\/uploads\/2022\/07\/WhatsApp-Image-2022-07-01-at-17.04.01-768x1024.jpeg 768w, https:\/\/tvc16.com\/portal\/wp-content\/uploads\/2022\/07\/WhatsApp-Image-2022-07-01-at-17.04.01-225x300.jpeg 225w, https:\/\/tvc16.com\/portal\/wp-content\/uploads\/2022\/07\/WhatsApp-Image-2022-07-01-at-17.04.01-1152x1536.jpeg 1152w, https:\/\/tvc16.com\/portal\/wp-content\/uploads\/2022\/07\/WhatsApp-Image-2022-07-01-at-17.04.01.jpeg 1200w\" sizes=\"auto, (max-width: 768px) 100vw, 768px\" \/><figcaption>Prefeitura e ongs promovem as feiras<\/figcaption><\/figure>\n\n\n\n<p>Tamb\u00e9m no s\u00e1bado, a Dog\u2019s Heaven e a Irm\u00e3o Animal estar\u00e3o na Feira 4.0, que acontece no Petropolitano Football Club, na Rua Roberto da Silveira, promovendo ado\u00e7\u00f5es respons\u00e1veis. J\u00e1 a ong Gapa estar\u00e1 no Parque Municipal Prefeito Paulo Rattes, em Itaipava.<\/p>\n\n\n\n<p>Para levar para casa um ou mais animais, basta ter 18 anos ou mais e apresentar documento de identidade, CPF e comprovante de resid\u00eancia. Todos os c\u00e3es e gatos est\u00e3o vacinados, vermifugados e castrados. At\u00e9 o momento, 74 bichinhos j\u00e1 foram adotados nas feiras promovidas pela Prefeitura.<\/p>\n","protected":false},"excerpt":{"rendered":"<p>A Prefeitura, por meio da Coordenadoria de Bem Estar Animal (Cobea) realiza neste s\u00e1bado (2),<\/p>\n","protected":false},"author":2,"featured_media":39129,"comment_status":"open","ping_status":"open","sticky":false,"template":"","format":"standard","meta":{"footnotes":""},"categories":[12,118],"tags":[],"class_list":["post-39126","post","type-post","status-publish","format-standard","has-post-thumbnail","hentry","category-cidade","category-programacao"],"_links":{"self":[{"href":"https:\/\/tvc16.com\/portal\/wp-json\/wp\/v2\/posts\/39126","targetHints":{"allow":["GET"]}}],"collection":[{"href":"https:\/\/tvc16.com\/portal\/wp-json\/wp\/v2\/posts"}],"about":[{"href":"https:\/\/tvc16.com\/portal\/wp-json\/wp\/v2\/types\/post"}],"author":[{"embeddable":true,"href":"https:\/\/tvc16.com\/portal\/wp-json\/wp\/v2\/users\/2"}],"replies":[{"embeddable":true,"href":"https:\/\/tvc16.com\/portal\/wp-json\/wp\/v2\/comments?post=39126"}],"version-history":[{"count":1,"href":"https:\/\/tvc16.com\/portal\/wp-json\/wp\/v2\/posts\/39126\/revisions"}],"predecessor-version":[{"id":39130,"href":"https:\/\/tvc16.com\/portal\/wp-json\/wp\/v2\/posts\/39126\/revisions\/39130"}],"wp:featuredmedia":[{"embeddable":true,"href":"https:\/\/tvc16.com\/portal\/wp-json\/wp\/v2\/media\/39129"}],"wp:attachment":[{"href":"https:\/\/tvc16.com\/portal\/wp-json\/wp\/v2\/media?parent=39126"}],"wp:term":[{"taxonomy":"category","embeddable":true,"href":"https:\/\/tvc16.com\/portal\/wp-json\/wp\/v2\/categories?post=39126"},{"taxonomy":"post_tag","embeddable":true,"href":"https:\/\/tvc16.com\/portal\/wp-json\/wp\/v2\/tags?post=39126"}],"curies":[{"name":"wp","href":"https:\/\/api.w.org\/{rel}","templated":true}]}}