{"id":39131,"date":"2022-07-02T12:00:00","date_gmt":"2022-07-02T15:00:00","guid":{"rendered":"https:\/\/tvc16.com\/portal\/?p=39131"},"modified":"2022-07-01T21:39:12","modified_gmt":"2022-07-02T00:39:12","slug":"prefeitura-de-petropolis-firma-parceria-e-traz-aplicativo-taxi-rio-cidades-para-o-municipio","status":"publish","type":"post","link":"https:\/\/tvc16.com\/portal\/2022\/07\/02\/prefeitura-de-petropolis-firma-parceria-e-traz-aplicativo-taxi-rio-cidades-para-o-municipio\/","title":{"rendered":"Prefeitura de Petr\u00f3polis firma parceria e traz aplicativo T\u00e1xi.Rio.Cidades para o munic\u00edpio"},"content":{"rendered":"\n<p><em>O conv\u00eanio foi assinado na tarde desta quinta-feira (30) entre a prefeitura e o IplanRio<\/em><\/p>\n\n\n\n<p>O aplicativo Taxi.Rio.Cidades estar\u00e1 dispon\u00edvel para motoristas e passageiros da Cidade Imperial nas pr\u00f3ximas semanas. O conv\u00eanio para a implanta\u00e7\u00e3o do aplicativo em Petr\u00f3polis foi assinado pelo prefeito Rubens Bomtempo e pelo representante da IplanRio (Empresa Municipal de Inform\u00e1tica da capital fluminense), Kley Pontes.<\/p>\n\n\n\n<p>O encontro contou com a participa\u00e7\u00e3o do deputado federal Pedro Paulo, ex-secret\u00e1rio de Fazenda e Planejamento do munic\u00edpio do Rio e respons\u00e1vel pelo projeto de expans\u00e3o da plataforma carioca; do deputado estadual S\u00e9rgio Fernandes; do presidente da Companhia Petropolitana de Tr\u00e2nsito e Transportes (CPTrans), Jamil Sabr\u00e1; al\u00e9m de taxistas do munic\u00edpio.<\/p>\n\n\n\n<p>\u201cEssa parceria \u00e9 muito bem-vinda. O aplicativo \u00e9 bom para o usu\u00e1rio, \u00e9 bom para o taxista e \u00e9 muito bom para a cidade. O taxista \u00e9 um profissional que j\u00e1 est\u00e1 totalmente regularizado no munic\u00edpio, garantindo mais seguran\u00e7a para os usu\u00e1rios. Com a implanta\u00e7\u00e3o do aplicativo, todos os taxistas ser\u00e3o cadastrados na plataforma que ser\u00e1 validada pelo \u00f3rg\u00e3o p\u00fablico. Ser\u00e1 um grande avan\u00e7o para essa categoria de trabalhadores\u201d, enfatizou o prefeito Rubens Bomtempo.<\/p>\n\n\n\n<p>O deputado federal Pedro Paulo destacou os benef\u00edcios que o aplicativo trar\u00e1 para o munic\u00edpio. &#8220;Fico muito feliz que Petr\u00f3polis tenha feito essa op\u00e7\u00e3o pelo conv\u00eanio para trazer o Taxi.Rio. Cidades, porque isso favorece os taxistas e os usu\u00e1rios. A gente vive hoje, nas cidades, uma nova circunst\u00e2ncia com esses aplicativos de transporte. Tenho sido um cr\u00edtico muito ativo e defendo que esse servi\u00e7o dos aplicativos como Uber sejam regulamentados. Os ve\u00edculos a servi\u00e7o dessas tecnologias circulam, poluem, embolam o tr\u00e2nsito e as cidades n\u00e3o t\u00eam nenhuma informa\u00e7\u00e3o sobre a quantidade de motoristas, onde circulam, e ficam de m\u00e3os atadas para at\u00e9 mesmo para fazer um planejamento de tr\u00e2nsito&#8221;, afirmou Pedro Paulo.<\/p>\n\n\n\n<p>O presidente da CPTrans, Jamil Sabr\u00e1, explicou que o aplicativo vai trazer mais seguran\u00e7a e proporcionar um controle maior da mobilidade urbana. \u201cTodos os motoristas ser\u00e3o cadastrados e acompanhados pela Companhia de Transportes, o que proporciona mais seguran\u00e7a para os usu\u00e1rios. Com a plataforma tamb\u00e9m teremos uma gest\u00e3o mais eficiente da frota de t\u00e1xis em tempo real e com isso uma melhoria da mobilidade urbana\u201d, explicou.<br>O taxista Bruno Dias agradeceu o prefeito pela ades\u00e3o do aplicado. \u201cEsse aplicativo j\u00e1 \u00e9 uma realidade em muitas cidades, e agora \u00e9 uma realidade aqui em Petr\u00f3polis tamb\u00e9m. Em nome de todos os taxistas eu agrade\u00e7o ao prefeito por essa ades\u00e3o e por sempre estar olhando por nossa categoria. Todos os taxistas e usu\u00e1rios ser\u00e3o beneficiados com esse aplicativo. Vamos fortificar o v\u00ednculo com os passageiros\u201d, contou.<\/p>\n\n\n\n<p>Taxi.Rio.Cidades<\/p>\n\n\n\n<p>Desenvolvido pela equipe t\u00e9cnica da IplanRio (Empresa Municipal de Inform\u00e1tica da Prefeitura do Rio de Janeiro), o Taxi.Rio.Cidades permite aos passageiros acionar o servi\u00e7o pelo smartphone em qualquer hora do dia. O aplicativo traz as op\u00e7\u00f5es de formas de pagamento e as faixas de desconto, que variam entre 10% e 40%. Tamb\u00e9m traz dados sobre a localiza\u00e7\u00e3o do taxista mais pr\u00f3ximo, entre outras informa\u00e7\u00f5es.<\/p>\n\n\n\n<p>Entre os benef\u00edcios para o passageiro est\u00e3o o pre\u00e7o fixo, transparente e com previsibilidade; maior seguran\u00e7a ao utilizar o t\u00e1xi, um meio de transporte homologado; possibilidade de compartilhamento da corrida, com maior seguran\u00e7a; e maior facilidade e oferta de t\u00e1xis na palma da m\u00e3o.<\/p>\n\n\n\n<p>Para os taxistas, entre os benef\u00edcios podem ser listados: aumento na gera\u00e7\u00e3o de renda local; maior padroniza\u00e7\u00e3o do servi\u00e7o prestado pelos taxistas; gest\u00e3o eficiente da frota de t\u00e1xis em tempo real; melhoria da mobilidade urbana, com maior seguran\u00e7a para os profissionais, passageiros e turistas; todo o cadastro do taxista na plataforma \u00e9 validado pelo \u00f3rg\u00e3o p\u00fablico competente.<\/p>\n","protected":false},"excerpt":{"rendered":"<p>O conv\u00eanio foi assinado na tarde desta quinta-feira (30) entre a prefeitura e o IplanRio<\/p>\n","protected":false},"author":2,"featured_media":39132,"comment_status":"open","ping_status":"open","sticky":false,"template":"","format":"standard","meta":{"footnotes":""},"categories":[12,264,18,15],"tags":[],"class_list":["post-39131","post","type-post","status-publish","format-standard","has-post-thumbnail","hentry","category-cidade","category-destaque","category-economia","category-politica"],"_links":{"self":[{"href":"https:\/\/tvc16.com\/portal\/wp-json\/wp\/v2\/posts\/39131","targetHints":{"allow":["GET"]}}],"collection":[{"href":"https:\/\/tvc16.com\/portal\/wp-json\/wp\/v2\/posts"}],"about":[{"href":"https:\/\/tvc16.com\/portal\/wp-json\/wp\/v2\/types\/post"}],"author":[{"embeddable":true,"href":"https:\/\/tvc16.com\/portal\/wp-json\/wp\/v2\/users\/2"}],"replies":[{"embeddable":true,"href":"https:\/\/tvc16.com\/portal\/wp-json\/wp\/v2\/comments?post=39131"}],"version-history":[{"count":1,"href":"https:\/\/tvc16.com\/portal\/wp-json\/wp\/v2\/posts\/39131\/revisions"}],"predecessor-version":[{"id":39133,"href":"https:\/\/tvc16.com\/portal\/wp-json\/wp\/v2\/posts\/39131\/revisions\/39133"}],"wp:featuredmedia":[{"embeddable":true,"href":"https:\/\/tvc16.com\/portal\/wp-json\/wp\/v2\/media\/39132"}],"wp:attachment":[{"href":"https:\/\/tvc16.com\/portal\/wp-json\/wp\/v2\/media?parent=39131"}],"wp:term":[{"taxonomy":"category","embeddable":true,"href":"https:\/\/tvc16.com\/portal\/wp-json\/wp\/v2\/categories?post=39131"},{"taxonomy":"post_tag","embeddable":true,"href":"https:\/\/tvc16.com\/portal\/wp-json\/wp\/v2\/tags?post=39131"}],"curies":[{"name":"wp","href":"https:\/\/api.w.org\/{rel}","templated":true}]}}