{"id":3914,"date":"2020-10-26T14:58:47","date_gmt":"2020-10-26T14:58:47","guid":{"rendered":"https:\/\/tvc16.com\/portal\/?p=3914"},"modified":"2020-10-26T14:58:47","modified_gmt":"2020-10-26T14:58:47","slug":"ministerio-da-saude-ja-distribuiu-mais-de-300-milhoes-de-equipamentos-de-protecao-individual-epi-a-estados-e-municipios","status":"publish","type":"post","link":"https:\/\/tvc16.com\/portal\/2020\/10\/26\/ministerio-da-saude-ja-distribuiu-mais-de-300-milhoes-de-equipamentos-de-protecao-individual-epi-a-estados-e-municipios\/","title":{"rendered":"Minist\u00e9rio da Sa\u00fade j\u00e1 distribuiu mais de 300 milh\u00f5es de Equipamentos de Prote\u00e7\u00e3o Individual (EPI) a estados e munic\u00edpios"},"content":{"rendered":"\n<p>A medida \u00e9 mais uma a\u00e7\u00e3o do Governo Federal para refor\u00e7ar a seguran\u00e7a do atendimento na rede de sa\u00fade p\u00fablica<\/p>\n\n\n\n<p>Mais de 300 milh\u00f5es de Equipamentos de Prote\u00e7\u00e3o Individual (EPI) j\u00e1 foram distribu\u00eddos para garantir a prote\u00e7\u00e3o dos profissionais de sa\u00fade que atuam na linha de frente do enfrentamento \u00e0 pandemia da Covid-19 no Brasil. A medida \u00e9 mais uma a\u00e7\u00e3o do Governo Federal para refor\u00e7ar a seguran\u00e7a do atendimento na rede de sa\u00fade p\u00fablica dos estados e munic\u00edpios brasileiros.&nbsp;<\/p>\n\n\n\n<p>Entre os equipamentos est\u00e3o m\u00e1scaras, aventais, \u00f3culos, protetores faciais, toucas, sapatilhas, luvas e \u00e1lcool. Os materiais foram entregues para as Secretarias Estaduais de Sa\u00fade, respons\u00e1veis por definir quais os servi\u00e7os de sa\u00fade v\u00e3o receb\u00ea-los, a partir de um planejamento local.&nbsp;<\/p>\n\n\n\n<p><a href=\"https:\/\/brasil61.com\/noticias\/pesquisa-aponta-que-pais-gasta-r-1-398-53-em-despesas-relacionadas-a-saude-publica-por-habitante-bras202325\"><strong>Pesquisa aponta que pa\u00eds gasta R$ 1.398,53 em despesas relacionadas \u00e0 sa\u00fade p\u00fablica por habitante<\/strong><\/a><\/p>\n\n\n\n<p><a href=\"https:\/\/brasil61.com\/noticias\/portaria-aprova-repasse-a-estados-para-aquisicao-de-medicamentos-bras202330\"><strong>Portaria aprova repasse a Estados para aquisi\u00e7\u00e3o de medicamentos<\/strong><\/a><\/p>\n\n\n\n<p>A compra de EPIs \u00e9 de responsabilidade dos entes federativos. No entanto, devido \u00e0 escassez mundial dos materiais e o cen\u00e1rio de emerg\u00eancia em sa\u00fade p\u00fablica, o Minist\u00e9rio da Sa\u00fade fez aquisi\u00e7\u00f5es em apoio aos gestores locais do Sistema \u00danico de Sa\u00fade (SUS) para fortalecer a rede p\u00fablica de sa\u00fade no enfrentamento da doen\u00e7a em todos os estado.<\/p>\n\n\n\n<p>A popula\u00e7\u00e3o pode acompanhar o quantitativo de recursos dispensados pela pasta, a quantidade de EPI e outros itens utilizados no combate \u00e0 pandemia a cada estado pelo Localiza SUS, um painel on-line criado para dar transpar\u00eancia \u00e0s a\u00e7\u00f5es no combate \u00e0 Covid-19. Na plataforma tamb\u00e9m \u00e9 poss\u00edvel acompanhar a quantidade de leitos habilitados, testes entregues e insumos disponibilizados.&nbsp;<\/p>\n\n\n\n<p>Fonte: <a href=\"https:\/\/brasil61.com\/noticias\/ministerio-da-saude-ja-distribuiu-mais-de-300-milhoes-de-equipamentos-de-protecao-individual-epi-a-estados-e-municipios-bras202349?email=bethdeoliveira@yahoo.com.br&amp;utm_source=newsletter&amp;utm_medium=newsletter&amp;utm_campaign=newsletter\" target=\"_blank\" rel=\"noreferrer noopener\">Brasil 61<\/a><\/p>\n","protected":false},"excerpt":{"rendered":"<p>A medida \u00e9 mais uma a\u00e7\u00e3o do Governo Federal para refor\u00e7ar a seguran\u00e7a do atendimento<\/p>\n","protected":false},"author":2,"featured_media":3915,"comment_status":"open","ping_status":"open","sticky":false,"template":"","format":"standard","meta":{"footnotes":""},"categories":[13],"tags":[],"class_list":["post-3914","post","type-post","status-publish","format-standard","has-post-thumbnail","hentry","category-saude"],"_links":{"self":[{"href":"https:\/\/tvc16.com\/portal\/wp-json\/wp\/v2\/posts\/3914","targetHints":{"allow":["GET"]}}],"collection":[{"href":"https:\/\/tvc16.com\/portal\/wp-json\/wp\/v2\/posts"}],"about":[{"href":"https:\/\/tvc16.com\/portal\/wp-json\/wp\/v2\/types\/post"}],"author":[{"embeddable":true,"href":"https:\/\/tvc16.com\/portal\/wp-json\/wp\/v2\/users\/2"}],"replies":[{"embeddable":true,"href":"https:\/\/tvc16.com\/portal\/wp-json\/wp\/v2\/comments?post=3914"}],"version-history":[{"count":1,"href":"https:\/\/tvc16.com\/portal\/wp-json\/wp\/v2\/posts\/3914\/revisions"}],"predecessor-version":[{"id":3916,"href":"https:\/\/tvc16.com\/portal\/wp-json\/wp\/v2\/posts\/3914\/revisions\/3916"}],"wp:featuredmedia":[{"embeddable":true,"href":"https:\/\/tvc16.com\/portal\/wp-json\/wp\/v2\/media\/3915"}],"wp:attachment":[{"href":"https:\/\/tvc16.com\/portal\/wp-json\/wp\/v2\/media?parent=3914"}],"wp:term":[{"taxonomy":"category","embeddable":true,"href":"https:\/\/tvc16.com\/portal\/wp-json\/wp\/v2\/categories?post=3914"},{"taxonomy":"post_tag","embeddable":true,"href":"https:\/\/tvc16.com\/portal\/wp-json\/wp\/v2\/tags?post=3914"}],"curies":[{"name":"wp","href":"https:\/\/api.w.org\/{rel}","templated":true}]}}