{"id":39143,"date":"2022-07-02T04:40:00","date_gmt":"2022-07-02T07:40:00","guid":{"rendered":"https:\/\/tvc16.com\/portal\/?p=39143"},"modified":"2022-07-01T22:14:21","modified_gmt":"2022-07-02T01:14:21","slug":"prefeitura-divulga-vencedores-do-concurso-de-video-da-campanha-da-busca-ativa-escolar","status":"publish","type":"post","link":"https:\/\/tvc16.com\/portal\/2022\/07\/02\/prefeitura-divulga-vencedores-do-concurso-de-video-da-campanha-da-busca-ativa-escolar\/","title":{"rendered":"Prefeitura divulga vencedores do concurso de v\u00eddeo da campanha da Busca Ativa Escolar"},"content":{"rendered":"\n<p>Fora da Escola n\u00e3o Pode<\/p>\n\n\n\n<p>Treze unidades escolares da rede municipal foram as vencedoras do concurso de v\u00eddeo da campanha da Busca Ativa Escolar, promovida pela Prefeitura. Da Educa\u00e7\u00e3o Infantil foram selecionados quatro v\u00eddeos, da Educa\u00e7\u00e3o Especial foram tr\u00eas e seis v\u00eddeos do Ensino Fundamental foram escolhidos. Al\u00e9m desses, tamb\u00e9m foi selecionado um v\u00eddeo na categoria \u201cdestaque especial\u201d.<br>A comiss\u00e3o que escolheu os v\u00eddeos foi formada por servidores da Secretaria de Educa\u00e7\u00e3o e integrantes do programa Busca Ativa. A campanha \u201cFora da Escola n\u00e3o Pode\u201d come\u00e7ou no in\u00edcio de m\u00eas e tem como objetivo identificar crian\u00e7as e adolescentes que estejam fora da escola e promover a\u00e7\u00f5es para reinser\u00e7\u00e3o desses estudantes no \u00e2mbito escolar.<br>A premia\u00e7\u00e3o dos v\u00eddeos selecionados acontecer\u00e1 na pr\u00f3xima semana. A data, hora e local ainda ser\u00e1 definido pela Secretaria de Educa\u00e7\u00e3o. \u201cRecebemos 158 v\u00eddeos, foi dif\u00edcil ter que selecionar e escolher os melhores. Todos que enviaram seus v\u00eddeos est\u00e3o de parab\u00e9ns. A quantidade expressiva de v\u00eddeos mostra o quanto todos est\u00e3o empenhados nessa campanha\u201d, disse a secret\u00e1ria de Educa\u00e7\u00e3o, Adriana de Paula.<\/p>\n\n\n\n<p>Veja quais s\u00e3o as unidades escolares selecionadas:<\/p>\n\n\n\n<p>Educa\u00e7\u00e3o Infantil<\/p>\n\n\n\n<ul class=\"wp-block-list\"><li>CEI Professora Herm\u00ednia Matheus<\/li><li>CEI Carolina Amorin<\/li><li>CEI Tia Alice<\/li><li>E.M. Dr. Barros Franco<\/li><\/ul>\n\n\n\n<p>Educa\u00e7\u00e3o Especial<\/p>\n\n\n\n<ul class=\"wp-block-list\"><li>E.E. Santos Dumont<\/li><li>E.M. Salvador Kling<\/li><li>E.M. Paulo Freire<\/li><\/ul>\n\n\n\n<p>Ensino Fundamental I<\/p>\n\n\n\n<ul class=\"wp-block-list\"><li>E.P. Bom Jesus<\/li><li>E.M. Professor Joaquim Deister<\/li><li>E.M. Dom Pedro de Alc\u00e2ntara<\/li><\/ul>\n\n\n\n<p>Ensino Fundamental II<\/p>\n\n\n\n<ul class=\"wp-block-list\"><li>E.M. Monsenhor Jo\u00e3o de Deus Rodrigues<\/li><li>E.M. Dr. Theodoro Machado<\/li><li>E.M. Bataillard<\/li><\/ul>\n\n\n\n<p>Destaque especial<\/p>\n\n\n\n<ul class=\"wp-block-list\"><li>E.M. Geraldo Ventura Dias com a participa\u00e7\u00e3o da aluna do Ensino M\u00e9dio do Col\u00e9gio Estadual Jos\u00e9 Ver\u00edssimo<\/li><\/ul>\n","protected":false},"excerpt":{"rendered":"<p>Fora da Escola n\u00e3o Pode Treze unidades escolares da rede municipal foram as vencedoras do<\/p>\n","protected":false},"author":2,"featured_media":39144,"comment_status":"open","ping_status":"open","sticky":false,"template":"","format":"standard","meta":{"footnotes":""},"categories":[12,19],"tags":[],"class_list":["post-39143","post","type-post","status-publish","format-standard","has-post-thumbnail","hentry","category-cidade","category-educacao"],"_links":{"self":[{"href":"https:\/\/tvc16.com\/portal\/wp-json\/wp\/v2\/posts\/39143","targetHints":{"allow":["GET"]}}],"collection":[{"href":"https:\/\/tvc16.com\/portal\/wp-json\/wp\/v2\/posts"}],"about":[{"href":"https:\/\/tvc16.com\/portal\/wp-json\/wp\/v2\/types\/post"}],"author":[{"embeddable":true,"href":"https:\/\/tvc16.com\/portal\/wp-json\/wp\/v2\/users\/2"}],"replies":[{"embeddable":true,"href":"https:\/\/tvc16.com\/portal\/wp-json\/wp\/v2\/comments?post=39143"}],"version-history":[{"count":1,"href":"https:\/\/tvc16.com\/portal\/wp-json\/wp\/v2\/posts\/39143\/revisions"}],"predecessor-version":[{"id":39145,"href":"https:\/\/tvc16.com\/portal\/wp-json\/wp\/v2\/posts\/39143\/revisions\/39145"}],"wp:featuredmedia":[{"embeddable":true,"href":"https:\/\/tvc16.com\/portal\/wp-json\/wp\/v2\/media\/39144"}],"wp:attachment":[{"href":"https:\/\/tvc16.com\/portal\/wp-json\/wp\/v2\/media?parent=39143"}],"wp:term":[{"taxonomy":"category","embeddable":true,"href":"https:\/\/tvc16.com\/portal\/wp-json\/wp\/v2\/categories?post=39143"},{"taxonomy":"post_tag","embeddable":true,"href":"https:\/\/tvc16.com\/portal\/wp-json\/wp\/v2\/tags?post=39143"}],"curies":[{"name":"wp","href":"https:\/\/api.w.org\/{rel}","templated":true}]}}