{"id":39146,"date":"2022-07-02T17:22:00","date_gmt":"2022-07-02T20:22:00","guid":{"rendered":"https:\/\/tvc16.com\/portal\/?p=39146"},"modified":"2022-07-01T22:28:20","modified_gmt":"2022-07-02T01:28:20","slug":"camara-aprova-projeto-que-cria-gincana-solidaria-a-fim-de-contribuir-com-banco-de-sangue","status":"publish","type":"post","link":"https:\/\/tvc16.com\/portal\/2022\/07\/02\/camara-aprova-projeto-que-cria-gincana-solidaria-a-fim-de-contribuir-com-banco-de-sangue\/","title":{"rendered":"C\u00e2mara aprova projeto que cria Gincana Solid\u00e1ria a fim de contribuir com Banco de Sangue"},"content":{"rendered":"\n<p>A C\u00e2mara de Petr\u00f3polis aprovou, durante sess\u00e3o plen\u00e1ria da \u00faltima ter\u00e7a-feira (28), um Projeto de Resolu\u00e7\u00e3o de autoria da Mesa Diretora que institui e disciplina a participa\u00e7\u00e3o da Casa Legislativa na Gincana Solid\u00e1ria, a fim de contribuir com o Banco de Sangue do Hospital Santa Teresa.<\/p>\n\n\n\n<p>Os vereadores Fred Proc\u00f3pio, J\u00fanior Coruja, Junior Paix\u00e3o e Yuri Moura se uniram neste projeto com o intuito de conscientizar todos os setores da C\u00e2mara sobre a doa\u00e7\u00e3o de sangue. A medida visa contribuir para a manuten\u00e7\u00e3o do estoque de sangue, evitando problemas para a realiza\u00e7\u00e3o de procedimentos e cirurgias em toda a cidade. A proposta busca ampliar as a\u00e7\u00f5es j\u00e1 realizadas na Casa, como por exemplo, a ilumina\u00e7\u00e3o especial na fachada do Pal\u00e1cio Amarelo durante o m\u00eas de junho, considerado o m\u00eas do doador.<\/p>\n\n\n\n<p>De acordo com a Mesa Diretora, a pandemia trouxe um agravamento ainda maior no n\u00famero de doadores e, com isso, \u00e9 de suma import\u00e2ncia e urg\u00eancia que o projeto prossiga para salvar vidas. A ideia \u00e9 que a C\u00e2mara promova a\u00e7\u00f5es coletivas sobre assuntos que tenham impacto na vida da popula\u00e7\u00e3o.<\/p>\n\n\n\n<p>A semana da Gincana Solid\u00e1ria ficar\u00e1 fixa no calend\u00e1rio interno da Casa Legislativa, sendo, preferencialmente, realizada no m\u00eas de junho.<\/p>\n","protected":false},"excerpt":{"rendered":"<p>A C\u00e2mara de Petr\u00f3polis aprovou, durante sess\u00e3o plen\u00e1ria da \u00faltima ter\u00e7a-feira (28), um Projeto de<\/p>\n","protected":false},"author":2,"featured_media":39147,"comment_status":"open","ping_status":"open","sticky":false,"template":"","format":"standard","meta":{"footnotes":""},"categories":[12,15],"tags":[],"class_list":["post-39146","post","type-post","status-publish","format-standard","has-post-thumbnail","hentry","category-cidade","category-politica"],"_links":{"self":[{"href":"https:\/\/tvc16.com\/portal\/wp-json\/wp\/v2\/posts\/39146","targetHints":{"allow":["GET"]}}],"collection":[{"href":"https:\/\/tvc16.com\/portal\/wp-json\/wp\/v2\/posts"}],"about":[{"href":"https:\/\/tvc16.com\/portal\/wp-json\/wp\/v2\/types\/post"}],"author":[{"embeddable":true,"href":"https:\/\/tvc16.com\/portal\/wp-json\/wp\/v2\/users\/2"}],"replies":[{"embeddable":true,"href":"https:\/\/tvc16.com\/portal\/wp-json\/wp\/v2\/comments?post=39146"}],"version-history":[{"count":1,"href":"https:\/\/tvc16.com\/portal\/wp-json\/wp\/v2\/posts\/39146\/revisions"}],"predecessor-version":[{"id":39148,"href":"https:\/\/tvc16.com\/portal\/wp-json\/wp\/v2\/posts\/39146\/revisions\/39148"}],"wp:featuredmedia":[{"embeddable":true,"href":"https:\/\/tvc16.com\/portal\/wp-json\/wp\/v2\/media\/39147"}],"wp:attachment":[{"href":"https:\/\/tvc16.com\/portal\/wp-json\/wp\/v2\/media?parent=39146"}],"wp:term":[{"taxonomy":"category","embeddable":true,"href":"https:\/\/tvc16.com\/portal\/wp-json\/wp\/v2\/categories?post=39146"},{"taxonomy":"post_tag","embeddable":true,"href":"https:\/\/tvc16.com\/portal\/wp-json\/wp\/v2\/tags?post=39146"}],"curies":[{"name":"wp","href":"https:\/\/api.w.org\/{rel}","templated":true}]}}