{"id":39149,"date":"2022-07-03T08:00:00","date_gmt":"2022-07-03T11:00:00","guid":{"rendered":"https:\/\/tvc16.com\/portal\/?p=39149"},"modified":"2022-07-01T22:38:07","modified_gmt":"2022-07-02T01:38:07","slug":"dia-nacional-de-combate-a-discriminacao-racial","status":"publish","type":"post","link":"https:\/\/tvc16.com\/portal\/2022\/07\/03\/dia-nacional-de-combate-a-discriminacao-racial\/","title":{"rendered":"Dia Nacional de Combate \u00e0 Discrimina\u00e7\u00e3o Racial"},"content":{"rendered":"\n<p><em>Especialistas avaliam os efeitos da discrimina\u00e7\u00e3o na inf\u00e2ncia e o papel da escola na vida de crian\u00e7as que sofrem preconceito<\/em><\/p>\n\n\n\n<p>Hoje, dia 03 de julho, \u00e9 celebrado o Dia Nacional de Combate \u00e0 Discrimina\u00e7\u00e3o Racial. De acordo com a Unicef (Fundo de Emerg\u00eancia Internacional das Na\u00e7\u00f5es Unidas para a Inf\u00e2ncia), crian\u00e7as e adolescentes, em especial as que vivem em contextos de desigualdades, s\u00e3o v\u00edtimas do racismo nas escolas, nas ruas, nos hospitais ou aldeias e, \u00e0s vezes, dentro de suas fam\u00edlias, deparando-se constantemente com situa\u00e7\u00f5es de discrimina\u00e7\u00e3o, de preconceito ou segrega\u00e7\u00e3o. Uma cartilha produzida pelo N\u00facleo Ci\u00eancia pela Inf\u00e2ncia (NCPI), baseado em um estudo realizado pela Univers idade de Harvard (https:\/\/ncpi.org.br\/wp-content\/uploads\/2021\/11\/Racism-Infographic_2020_pt.pdf), afirma que o preconceito sofrido na inf\u00e2ncia pode causar impactos s\u00e9rios no desenvolvimento infantil, j\u00e1 que quando os sistemas de resposta ao estresse das crian\u00e7as permanecem ativados em n\u00edveis elevados por longos per\u00edodos, isso pode ter um efeito significativo de desgaste no c\u00e9rebro em desenvolvimento e em outros sistemas biol\u00f3gicos. Tamb\u00e9m pode ter impactos duradouros na aprendizagem, no comportamento e na sa\u00fade f\u00edsica e mental.<\/p>\n\n\n\n<p>A pedagoga Carollini Graciani, explica que o papel da escola \u00e9 de extrema import\u00e2ncia no combate ao racismo, desde o ensino infantil, trabalhando quest\u00f5es de autoestima, aceita\u00e7\u00e3o e respeito \u00e0s diferen\u00e7as, lembrando que, especialmente nesta fase, a crian\u00e7a replica o que v\u00ea e ouve.<\/p>\n\n\n\n<ul class=\"wp-block-list\"><li>Nessa fase \u00e9 natural que as crian\u00e7as questionem as diferen\u00e7as entre elas (cor do cabelo, da pele, do olho, altura) e no dia a dia o educador vai trabalhando ludicamente com essas crian\u00e7as o fato de n\u00e3o existir um padr\u00e3o, que cada um \u00e9 \u00fanico, que nosso pa\u00eds \u00e9 rico culturalmente, que o cabelo dela \u00e9 bonito como \u00e9, que ela pode e deve amar as caracter\u00edsticas que ela tem, e que ela respeite as caracter\u00edsticas dos amiguinhos, tudo isso por meio de contos e atividades. E sempre, claro, inserindo a fam\u00edlia nessa parceria que \u00e9 educar. E desta forma a crian\u00e7a aprende o respeito ao pr\u00f3ximo e a se amar do jeito que \u00e9, diz a professora do curso de Pedagogia da Est\u00e1cio.<\/li><\/ul>\n\n\n\n<p>J\u00e1 nos ensinos m\u00e9dio e fundamental, a abordagem \u00e9 diferente, segundo a pedagoga. Nesta fase j\u00e1 se pode ir a fundo em quest\u00f5es hist\u00f3ricas e mostrar not\u00edcias atuais de pessoas que sofrem preconceito.<\/p>\n\n\n\n<ul class=\"wp-block-list\"><li>O educador nesta fase trabalha responsabilidade, conscientiza\u00e7\u00e3o e respeito, lembrando aos jovens que a sociedade s\u00f3 vai progredir nesta e em outras quest\u00f5es se eles mudarem de atitude e n\u00e3o repetirem atos negativos. E nesta idade, quando um professor presenciar um aluno desrespeitando outro, \u00e9 necess\u00e1ria uma interven\u00e7\u00e3o pedag\u00f3gica naquele momento, n\u00e3o pode deixar para resolver depois. \u00c9 preciso parar a aula e explicar o que \u00e9 o racismo, como ele se construiu, mostrar, com exemplos atuais, que o negro pode chegar onde ele quiser, que ele pode e deve ocupar o espa\u00e7o que ele desejar. Assim trabalhamos a quest\u00e3o do respeito ao pr\u00f3ximo e ao mesmo tempo a auto estima daquele que sofreu o preconceito, e \u00e9 ela que o ajudar\u00e1 a se defender de atos discriminat\u00f3rios futuros. E mais uma vez, trabalhar junto \u00e0 fam\u00edlia para que este aluno tenha uma postura de respeito com o pr\u00f3ximo.<\/li><\/ul>\n\n\n\n<p><strong>Consequ\u00eancias do racismo na inf\u00e2ncia<\/strong><\/p>\n\n\n\n<p>A psic\u00f3loga Sandra Duarte Ant\u00e3o, professora do curso de Psicologia da Est\u00e1cio, explica que o desenvolvimento humano \u00e9 acompanhado de altera\u00e7\u00f5es f\u00edsicas, cognitivas e psicossociais, todas acontecendo em um contexto, sendo influenciado por pr\u00e1ticas culturais que interferem diretamente na forma\u00e7\u00e3o da identidade.<\/p>\n\n\n\n<ul class=\"wp-block-list\"><li>As rela\u00e7\u00f5es sociais s\u00e3o parte essencial da forma\u00e7\u00e3o da personalidade, podendo contribuir para o desenvolvimento de aspectos como autoestima, autoefic\u00e1cia, empatia e altru\u00edsmo. No entanto, existem fatores que operam de maneira negativa na vida de uma crian\u00e7a e a exposi\u00e7\u00e3o ao racismo traz essa realidade, podendo gerar consequ\u00eancias que ir\u00e3o impactar de maneira dolorosa a sua subjetividade. A crian\u00e7a pode ter sentimentos ambivalentes, sentindo-se triste, irritada ou ansiosa, podendo gerar comportamentos como isolamento social, evita\u00e7\u00e3o ou ainda agressividade por n\u00e3o sentir-se pertencente aquele contexto. Vale lembrar que o preconceito faz parte da nossa sociedade estruturalmente racista, que construiu modelos de beleza e atratividade social, que certamente n\u00e3o considerou a pessoa preta na constru\u00e7\u00e3o desse referencial.<\/li><\/ul>\n\n\n\n<p>A doutoranda em Psicologia ressalta que cabe \u00e0 fam\u00edlia, \u00e0 escola e aos que fazem parte da forma\u00e7\u00e3o da crian\u00e7a, contribu\u00edrem para pr\u00e1ticas que fomentem a constru\u00e7\u00e3o do sujeito respeitando sua hist\u00f3ria e suas caracter\u00edsticas, e para que a opress\u00e3o \u00e0 qual est\u00e1 vinculada sejam permanentemente combatidas.<\/p>\n\n\n\n<ul class=\"wp-block-list\"><li>Desta forma, poderemos gerar debates que ofere\u00e7am \u00e0s crian\u00e7as condi\u00e7\u00f5es de um desenvolvimento focado em estrat\u00e9gias promissoras que auxiliem na forma\u00e7\u00e3o de uma identidade segura e protegida, fomentando pr\u00e1ticas que conduzir\u00e3o a forma\u00e7\u00e3o de um discurso aut\u00eantico e sadio sobre si, opina a professora da Est\u00e1cio, citando um trecho da obra \u2018Pequeno Manual Antirracista\u2019, da escritora Djamila Ribeiro, que diz que \u201c\u00e9 importante ter em mente que para pensar solu\u00e7\u00f5es para uma realidade, devemos tir\u00e1-la da invisibilidade\u201d.<\/li><\/ul>\n","protected":false},"excerpt":{"rendered":"<p>Especialistas avaliam os efeitos da discrimina\u00e7\u00e3o na inf\u00e2ncia e o papel da escola na vida<\/p>\n","protected":false},"author":2,"featured_media":39150,"comment_status":"open","ping_status":"open","sticky":false,"template":"","format":"standard","meta":{"footnotes":""},"categories":[21,17,14,15],"tags":[],"class_list":["post-39149","post","type-post","status-publish","format-standard","has-post-thumbnail","hentry","category-cultura","category-outras-noticias","category-pais","category-politica"],"_links":{"self":[{"href":"https:\/\/tvc16.com\/portal\/wp-json\/wp\/v2\/posts\/39149","targetHints":{"allow":["GET"]}}],"collection":[{"href":"https:\/\/tvc16.com\/portal\/wp-json\/wp\/v2\/posts"}],"about":[{"href":"https:\/\/tvc16.com\/portal\/wp-json\/wp\/v2\/types\/post"}],"author":[{"embeddable":true,"href":"https:\/\/tvc16.com\/portal\/wp-json\/wp\/v2\/users\/2"}],"replies":[{"embeddable":true,"href":"https:\/\/tvc16.com\/portal\/wp-json\/wp\/v2\/comments?post=39149"}],"version-history":[{"count":1,"href":"https:\/\/tvc16.com\/portal\/wp-json\/wp\/v2\/posts\/39149\/revisions"}],"predecessor-version":[{"id":39151,"href":"https:\/\/tvc16.com\/portal\/wp-json\/wp\/v2\/posts\/39149\/revisions\/39151"}],"wp:featuredmedia":[{"embeddable":true,"href":"https:\/\/tvc16.com\/portal\/wp-json\/wp\/v2\/media\/39150"}],"wp:attachment":[{"href":"https:\/\/tvc16.com\/portal\/wp-json\/wp\/v2\/media?parent=39149"}],"wp:term":[{"taxonomy":"category","embeddable":true,"href":"https:\/\/tvc16.com\/portal\/wp-json\/wp\/v2\/categories?post=39149"},{"taxonomy":"post_tag","embeddable":true,"href":"https:\/\/tvc16.com\/portal\/wp-json\/wp\/v2\/tags?post=39149"}],"curies":[{"name":"wp","href":"https:\/\/api.w.org\/{rel}","templated":true}]}}