{"id":39152,"date":"2022-07-03T10:00:00","date_gmt":"2022-07-03T13:00:00","guid":{"rendered":"https:\/\/tvc16.com\/portal\/?p=39152"},"modified":"2022-07-01T22:51:08","modified_gmt":"2022-07-02T01:51:08","slug":"sindicato-dos-rodoviarios-recebe-apoio-por-fim-da-dupla-funcao","status":"publish","type":"post","link":"https:\/\/tvc16.com\/portal\/2022\/07\/03\/sindicato-dos-rodoviarios-recebe-apoio-por-fim-da-dupla-funcao\/","title":{"rendered":"Sindicato dos Rodovi\u00e1rios recebe apoio por fim da dupla fun\u00e7\u00e3o"},"content":{"rendered":"\n<p>No in\u00edcio do m\u00eas de junho parte da diretoria do <strong>Sindicato dos Trabalhadores em Transportes Rodovi\u00e1rios de Petr\u00f3polis <\/strong>esteve pessoalmente na Sede da <strong>C\u00e2mara de Vereadores<\/strong> e na <strong>Prefeitura de Petr\u00f3polis<\/strong> <strong>entregando e protocolando<\/strong> <strong>of\u00edcios<\/strong> de pedido de <strong>apoio<\/strong> aos Vereadores J\u00fanior Coruja e Yuri Moura, bem como ao Prefeito Rubens Bomtempo para a <strong>cria\u00e7\u00e3o e san\u00e7\u00e3o<\/strong> de uma <strong>lei<\/strong> que <strong>proibisse<\/strong> a <strong>dupla fun\u00e7\u00e3o<\/strong> em Petr\u00f3polis.<\/p>\n\n\n\n<p><strong>A entrega dos of\u00edcios gerou bons frutos<\/strong> e nesta semana os <strong>vereadores J\u00fanior Coruja <\/strong>e <strong>Yuri Moura<\/strong> estiveram em reuni\u00e3o com a <strong>diretoria do Sindicato<\/strong> confirmaram o <strong>apoio aos trabalhadores<\/strong> em prol da <strong>aprova\u00e7\u00e3o<\/strong> de uma <strong>lei municipal<\/strong> que <strong>pro\u00edba a dupla fun\u00e7\u00e3o<\/strong>.<\/p>\n\n\n\n<p>A discuss\u00e3o da dupla fun\u00e7\u00e3o \u00e9 antiga e de forma objetiva trata-se do motorista profissional exercer a sua fun\u00e7\u00e3o laboral que \u00e9 a de dirigir o ve\u00edculo de transporte p\u00fablico e juntamente a isso executar a fun\u00e7\u00e3o de cobrador, que em linhas gerais \u00e9 composta cotidianamente pela realiza\u00e7\u00e3o da cobran\u00e7a de tarifas aos usu\u00e1rios do transportes coletivos, repasse de troco sempre que necess\u00e1rio, apoio ao motorista em manobras, prestar informa\u00e7\u00f5es aos usu\u00e1rios e manter a ordem do ve\u00edculo, tais como verificando se gestante e idosos est\u00e3o devidamente sentados, dentre outros.<\/p>\n\n\n\n<p>No of\u00edcio entregue pelo Sindicato, a institui\u00e7\u00e3o pontuou que precisa do apoio da C\u00e2mara e da Prefeitura para o estabelecimento da regra, consequentemente da manuten\u00e7\u00e3o de empregos e qualidade de transporte p\u00fablico para o cidad\u00e3o.<\/p>\n\n\n\n<p>\u201cN\u00f3s sempre entendemos o papel do Sindicato e tamb\u00e9m da C\u00e2mara e da Prefeitura, por isso decidimos escrever os of\u00edcios e pedir apoio, pois precisamos deste do apoio do poder p\u00fablico na constru\u00e7\u00e3o e aprova\u00e7\u00e3o de uma lei que n\u00e3o autorize a dupla fun\u00e7\u00e3o do motorista. \u00c9 importante que todos entendam que desta forma estaremos defendendo o motorista no que diz respeito a pratica inadequada de dirigir e receber a passagem e os empregos dos cobradores, que al\u00e9m de receber o pagamento das passagens, s\u00e3o pe\u00e7as fundamentais em diversas quest\u00f5es no dia a dia transporte p\u00fablico, tais como manobra, confirma\u00e7\u00e3o da efetiva\u00e7\u00e3o dos direitos dos passageiros com prioridade, observa\u00e7\u00e3o da subida e descida do passageiro, dentre outros\u201d, ressaltou Edson de Oliveira, presidente do Sindicato dos Rodovi\u00e1rios.<\/p>\n\n\n\n<p>Para Luis Ant\u00f4nio de Souza Ferreira, que assinou o oficio, e \u00e9 Vice-presidente do Sindicato dos Trabalhadores em Transportes Rodovi\u00e1rios de Petr\u00f3polise rodovi\u00e1rio h\u00e1 mais de 03 d\u00e9cadas, \u201ca luta pela proibi\u00e7\u00e3o da dupla fun\u00e7\u00e3o, n\u00e3o se trata de luta meramente classista como muitos tentam afirmar, mas trata-se de uma luta pelos direitos de manuten\u00e7\u00e3o de empregos e por qualidade num servi\u00e7o essencial para a manuten\u00e7\u00e3o da sociedade, o direito de ir e vir\u201d.<\/p>\n\n\n\n<p>Diante de toda a luta dos rodovi\u00e1rios, enfim o <strong>Sindicato dos Trabalhadores em Transportes Rodovi\u00e1rios de Petr\u00f3polis <\/strong>recebeu o apoio formal dos vereadores J\u00fanior Coruja e Yuri Moura, que se comprometeram a lutar pela causa.<\/p>\n\n\n\n<p>\u201cEstivemos no gabinete do vereador J\u00fanior Coruja e discutimos muito o assunto e a import\u00e2ncia do apoio dele. Al\u00e9m disso, recebemos na nossa sede o vereador Yuri Moura que est\u00e1 com a proposta de Lei em m\u00e3os, elaborada por ele e por sua equipe de assessores, e que vai iniciar agora o passo a passo para aprova\u00e7\u00e3o e consequente implementa\u00e7\u00e3o. Estamos muito felizes com o apoio e esperamos que os outros membros da C\u00e2mara tamb\u00e9m estejam juntos conosco nesta tabalha\u201d, finalizou Edson.<\/p>\n","protected":false},"excerpt":{"rendered":"<p>No in\u00edcio do m\u00eas de junho parte da diretoria do Sindicato dos Trabalhadores em Transportes<\/p>\n","protected":false},"author":2,"featured_media":39153,"comment_status":"open","ping_status":"open","sticky":false,"template":"","format":"standard","meta":{"footnotes":""},"categories":[12,18,15],"tags":[],"class_list":["post-39152","post","type-post","status-publish","format-standard","has-post-thumbnail","hentry","category-cidade","category-economia","category-politica"],"_links":{"self":[{"href":"https:\/\/tvc16.com\/portal\/wp-json\/wp\/v2\/posts\/39152","targetHints":{"allow":["GET"]}}],"collection":[{"href":"https:\/\/tvc16.com\/portal\/wp-json\/wp\/v2\/posts"}],"about":[{"href":"https:\/\/tvc16.com\/portal\/wp-json\/wp\/v2\/types\/post"}],"author":[{"embeddable":true,"href":"https:\/\/tvc16.com\/portal\/wp-json\/wp\/v2\/users\/2"}],"replies":[{"embeddable":true,"href":"https:\/\/tvc16.com\/portal\/wp-json\/wp\/v2\/comments?post=39152"}],"version-history":[{"count":1,"href":"https:\/\/tvc16.com\/portal\/wp-json\/wp\/v2\/posts\/39152\/revisions"}],"predecessor-version":[{"id":39154,"href":"https:\/\/tvc16.com\/portal\/wp-json\/wp\/v2\/posts\/39152\/revisions\/39154"}],"wp:featuredmedia":[{"embeddable":true,"href":"https:\/\/tvc16.com\/portal\/wp-json\/wp\/v2\/media\/39153"}],"wp:attachment":[{"href":"https:\/\/tvc16.com\/portal\/wp-json\/wp\/v2\/media?parent=39152"}],"wp:term":[{"taxonomy":"category","embeddable":true,"href":"https:\/\/tvc16.com\/portal\/wp-json\/wp\/v2\/categories?post=39152"},{"taxonomy":"post_tag","embeddable":true,"href":"https:\/\/tvc16.com\/portal\/wp-json\/wp\/v2\/tags?post=39152"}],"curies":[{"name":"wp","href":"https:\/\/api.w.org\/{rel}","templated":true}]}}