{"id":39155,"date":"2022-07-02T10:20:00","date_gmt":"2022-07-02T13:20:00","guid":{"rendered":"https:\/\/tvc16.com\/portal\/?p=39155"},"modified":"2022-07-01T23:01:13","modified_gmt":"2022-07-02T02:01:13","slug":"feira-do-livro-e-mostra-de-cinema-pelo-131o-aniversario-de-teresopolis","status":"publish","type":"post","link":"https:\/\/tvc16.com\/portal\/2022\/07\/02\/feira-do-livro-e-mostra-de-cinema-pelo-131o-aniversario-de-teresopolis\/","title":{"rendered":"Feira do Livro e Mostra de Cinema pelo 131\u00ba anivers\u00e1rio de Teres\u00f3polis"},"content":{"rendered":"\n<p>A Feira do Livro Teresopolitano ser\u00e1 promovida at\u00e9 10 de julho, com abertura oficial no domingo, 3, das 10h \u00e0s 19h. Realizada pela Prefeitura, por meio da Secretaria de Cultura, a atividade conta com a parceria da Academia Teresopolitana de Letras &#8211; ATL e do Centro Educacional Nossa Senhora de F\u00e1tima &#8211; CENSF. Autores podem se inscrever para participar com suas obras. Informa\u00e7\u00f5es pelo telefone (21) 2644-4092.<\/p>\n\n\n\n<p>J\u00e1 a Mostra de Cinema Teresopolitano acontece de 4 a 9 de julho, com exibi\u00e7\u00e3o das seguintes produ\u00e7\u00f5es:<\/p>\n\n\n\n<p>dia 4 de julho, a partir das 18h, \u2018Noites com Sol\u2019 (2011),&nbsp;\u2018V\u00edcio\u2019 (2015), \u2018O B\u00eabado E A Equilibrista\u2019 (2012) e \u2018Encanto De Sinh\u00e1\u2019 (2012);<\/p>\n\n\n\n<p>dia 5, das 9h \u00e0s 18h, haver\u00e1 sess\u00f5es para escolas p\u00fablicas e, \u00e0s 19h, sess\u00e3o aberta ao p\u00fablico, com a&nbsp;Segunda Mostra Serrana de Anima\u00e7\u00e3o &#8211; Era uma vez Ter\u00ea &#8211;&nbsp;Tiago Dumard.&nbsp;<\/p>\n\n\n\n<p>As anima\u00e7\u00f5es s\u00e3o de realiza\u00e7\u00e3o do Projeto Cultural Atitude em parceria com as Empresas com Atitude e o apoio da Secretaria de Cultura e da Prefeitura de Teres\u00f3polis. Os micro curtas produzidos em 2022 em nossas oficinas itinerantes por estudantes de Teres\u00f3polis para homenagear a cidade.<\/p>\n\n\n\n<p>No dia 7, \u00e0s 18h, haver\u00e1 a exibi\u00e7\u00e3o do filme \u2018Atravessa a Vida\u2019 (2020)&nbsp;e roda de conversa, no&nbsp;Cinema em Movimento &#8211; Circuito Universit\u00e1rio &#8211;&nbsp;Diego Prata.<\/p>\n\n\n\n<p>No dia 8, tamb\u00e9m \u00e0s 18h, ser\u00e3o exibidos os filmes \u2018De repente\u2019 (2020), \u2018Demiss\u00e3o\u2019 (2018) e \u2018Estrada Direta Rio Teres\u00f3polis\u2019 (2010) ebate-papo com os cineastasRegina Carmela e Leo Bittencourt.<\/p>\n\n\n\n<p>Fechando a programa\u00e7\u00e3o, no dia 9, a partir das 14h,&nbsp;Cinema em Movimento &#8211; Circuito Universit\u00e1rio &#8211;&nbsp;Diego Prata, com as produ\u00e7\u00f5es \u2018TRANSformar &#8211; Existindo na Educa\u00e7\u00e3o\u2019 (2018) e, \u00e0s 15h, \u2018Espero tua (re)volta\u2019 (2019).<\/p>\n","protected":false},"excerpt":{"rendered":"<p>A Feira do Livro Teresopolitano ser\u00e1 promovida at\u00e9 10 de julho, com abertura oficial no<\/p>\n","protected":false},"author":2,"featured_media":39156,"comment_status":"open","ping_status":"open","sticky":false,"template":"","format":"standard","meta":{"footnotes":""},"categories":[21,19,17],"tags":[],"class_list":["post-39155","post","type-post","status-publish","format-standard","has-post-thumbnail","hentry","category-cultura","category-educacao","category-outras-noticias"],"_links":{"self":[{"href":"https:\/\/tvc16.com\/portal\/wp-json\/wp\/v2\/posts\/39155","targetHints":{"allow":["GET"]}}],"collection":[{"href":"https:\/\/tvc16.com\/portal\/wp-json\/wp\/v2\/posts"}],"about":[{"href":"https:\/\/tvc16.com\/portal\/wp-json\/wp\/v2\/types\/post"}],"author":[{"embeddable":true,"href":"https:\/\/tvc16.com\/portal\/wp-json\/wp\/v2\/users\/2"}],"replies":[{"embeddable":true,"href":"https:\/\/tvc16.com\/portal\/wp-json\/wp\/v2\/comments?post=39155"}],"version-history":[{"count":1,"href":"https:\/\/tvc16.com\/portal\/wp-json\/wp\/v2\/posts\/39155\/revisions"}],"predecessor-version":[{"id":39157,"href":"https:\/\/tvc16.com\/portal\/wp-json\/wp\/v2\/posts\/39155\/revisions\/39157"}],"wp:featuredmedia":[{"embeddable":true,"href":"https:\/\/tvc16.com\/portal\/wp-json\/wp\/v2\/media\/39156"}],"wp:attachment":[{"href":"https:\/\/tvc16.com\/portal\/wp-json\/wp\/v2\/media?parent=39155"}],"wp:term":[{"taxonomy":"category","embeddable":true,"href":"https:\/\/tvc16.com\/portal\/wp-json\/wp\/v2\/categories?post=39155"},{"taxonomy":"post_tag","embeddable":true,"href":"https:\/\/tvc16.com\/portal\/wp-json\/wp\/v2\/tags?post=39155"}],"curies":[{"name":"wp","href":"https:\/\/api.w.org\/{rel}","templated":true}]}}