{"id":39158,"date":"2022-07-03T12:30:00","date_gmt":"2022-07-03T15:30:00","guid":{"rendered":"https:\/\/tvc16.com\/portal\/?p=39158"},"modified":"2022-07-01T23:09:21","modified_gmt":"2022-07-02T02:09:21","slug":"bateria-mirim-greasa-e-rap-tere-cultura","status":"publish","type":"post","link":"https:\/\/tvc16.com\/portal\/2022\/07\/03\/bateria-mirim-greasa-e-rap-tere-cultura\/","title":{"rendered":"Bateria Mirim GREASA e RAP Ter\u00ea Cultura"},"content":{"rendered":"\n<p>A apresenta\u00e7\u00e3o da Bateria Mirim do Gr\u00eamio&nbsp;Recreativo Arte do Samba do Amanh\u00e3 &#8211; GREASA, com o Mestre Nilson Augusto, acontece no dia&nbsp;10 de julho, a partir das 13h, no Anfiteatro da Casa de Cultura.<\/p>\n\n\n\n<p>J\u00e1 o \u2018RAP Ter\u00ea Cultura\u2019 que tamb\u00e9m acontece no dia 10 de julho, come\u00e7a \u00e0s 14h e vai at\u00e9 \u00e0s 19h, no Audit\u00f3rio da Casa de Cultura.<\/p>\n\n\n\n<p>Com parceria da produtora Afronasa, a programa\u00e7\u00e3o contar\u00e1 Roda de Conversa sobre o cen\u00e1rio do RAP na cidade, com a participa\u00e7\u00e3o de CJ, Victor, Didre, Natasha e Guiu; e Pocket shows com Afronasa, Houddini, Flags, Fks, Joao 22, LN e S7.<\/p>\n","protected":false},"excerpt":{"rendered":"<p>A apresenta\u00e7\u00e3o da Bateria Mirim do Gr\u00eamio&nbsp;Recreativo Arte do Samba do Amanh\u00e3 &#8211; GREASA, com<\/p>\n","protected":false},"author":2,"featured_media":39159,"comment_status":"open","ping_status":"open","sticky":false,"template":"","format":"standard","meta":{"footnotes":""},"categories":[21,19,17,118],"tags":[],"class_list":["post-39158","post","type-post","status-publish","format-standard","has-post-thumbnail","hentry","category-cultura","category-educacao","category-outras-noticias","category-programacao"],"_links":{"self":[{"href":"https:\/\/tvc16.com\/portal\/wp-json\/wp\/v2\/posts\/39158","targetHints":{"allow":["GET"]}}],"collection":[{"href":"https:\/\/tvc16.com\/portal\/wp-json\/wp\/v2\/posts"}],"about":[{"href":"https:\/\/tvc16.com\/portal\/wp-json\/wp\/v2\/types\/post"}],"author":[{"embeddable":true,"href":"https:\/\/tvc16.com\/portal\/wp-json\/wp\/v2\/users\/2"}],"replies":[{"embeddable":true,"href":"https:\/\/tvc16.com\/portal\/wp-json\/wp\/v2\/comments?post=39158"}],"version-history":[{"count":1,"href":"https:\/\/tvc16.com\/portal\/wp-json\/wp\/v2\/posts\/39158\/revisions"}],"predecessor-version":[{"id":39160,"href":"https:\/\/tvc16.com\/portal\/wp-json\/wp\/v2\/posts\/39158\/revisions\/39160"}],"wp:featuredmedia":[{"embeddable":true,"href":"https:\/\/tvc16.com\/portal\/wp-json\/wp\/v2\/media\/39159"}],"wp:attachment":[{"href":"https:\/\/tvc16.com\/portal\/wp-json\/wp\/v2\/media?parent=39158"}],"wp:term":[{"taxonomy":"category","embeddable":true,"href":"https:\/\/tvc16.com\/portal\/wp-json\/wp\/v2\/categories?post=39158"},{"taxonomy":"post_tag","embeddable":true,"href":"https:\/\/tvc16.com\/portal\/wp-json\/wp\/v2\/tags?post=39158"}],"curies":[{"name":"wp","href":"https:\/\/api.w.org\/{rel}","templated":true}]}}