{"id":39161,"date":"2022-07-02T11:40:00","date_gmt":"2022-07-02T14:40:00","guid":{"rendered":"https:\/\/tvc16.com\/portal\/?p=39161"},"modified":"2022-07-01T23:19:06","modified_gmt":"2022-07-02T02:19:06","slug":"lei-sancionada-pelo-governador-claudio-castro-inclui-o-festival-estadual-da-cachaca-no-calendario-oficial-do-estado-do-rio-2","status":"publish","type":"post","link":"https:\/\/tvc16.com\/portal\/2022\/07\/02\/lei-sancionada-pelo-governador-claudio-castro-inclui-o-festival-estadual-da-cachaca-no-calendario-oficial-do-estado-do-rio-2\/","title":{"rendered":"Lei sancionada pelo governador Cl\u00e1udio Castro inclui o Festival Estadual da Cacha\u00e7a no calend\u00e1rio oficial do Estado do Rio"},"content":{"rendered":"\n<p>Data ser\u00e1 celebrada anualmente na&nbsp;segunda&nbsp;quinzena&nbsp;de novembro. Setor de bebidas foi beneficiado com redu\u00e7\u00e3o de carga tribut\u00e1ria<\/p>\n\n\n\n<p>Terceiro lugar entre os exportadores de aguardente de cana em 2021, o Rio&nbsp;de Janeiro&nbsp;acaba de instituir o Festival Estadual dos Produtores e Apreciadores da Cacha\u00e7a, que ser\u00e1 celebrado anualmente na&nbsp;segunda&nbsp;quinzena&nbsp;de novembro. A data passou a fazer parte do Calend\u00e1rio Oficial do Estado, de acordo com a Lei 9.739\/22, sancionada pelo governador Cl\u00e1udio Castro e publicada na edi\u00e7\u00e3o extra do Di\u00e1rio Oficial de&nbsp;ter\u00e7a-feira (28\/06).<\/p>\n\n\n\n<figure class=\"wp-block-image size-large\"><img loading=\"lazy\" decoding=\"async\" width=\"1024\" height=\"682\" src=\"https:\/\/tvc16.com\/portal\/wp-content\/uploads\/2022\/07\/festival-da-cachaca-2-1024x682.jpg\" alt=\"\" class=\"wp-image-39163\" srcset=\"https:\/\/tvc16.com\/portal\/wp-content\/uploads\/2022\/07\/festival-da-cachaca-2-1024x682.jpg 1024w, https:\/\/tvc16.com\/portal\/wp-content\/uploads\/2022\/07\/festival-da-cachaca-2-300x200.jpg 300w, https:\/\/tvc16.com\/portal\/wp-content\/uploads\/2022\/07\/festival-da-cachaca-2-768x512.jpg 768w, https:\/\/tvc16.com\/portal\/wp-content\/uploads\/2022\/07\/festival-da-cachaca-2-900x600.jpg 900w, https:\/\/tvc16.com\/portal\/wp-content\/uploads\/2022\/07\/festival-da-cachaca-2.jpg 1280w\" sizes=\"auto, (max-width: 1024px) 100vw, 1024px\" \/><figcaption>Engenho da\u00a0\u00a0Cacha\u00e7a\u00a0da\u00a0Quinta,\u00a0em Carmo, \u00e9 um dos beneficiados com redu\u00e7\u00e3o de carga tribut\u00e1ria<\/figcaption><\/figure>\n\n\n\n<p>A institui\u00e7\u00e3o de uma data para o festival estadual \u00e9 uma antiga reivindica\u00e7\u00e3o dos donos de alambiques, que integram roteiros tur\u00edsticos regionais, atraindo visitantes em diversos festivais e fortalecendo a economia local. \u00c9 a&nbsp;segunda&nbsp;a\u00e7\u00e3o do governo este ano relativa ao setor. Em abril, Castro tamb\u00e9m regulamentou a lei 9.428\/2021, que suspendeu o Regime de Substitui\u00e7\u00e3o Tribut\u00e1ria na comercializa\u00e7\u00e3o interna de bebidas produzidas no estado.&nbsp;<\/p>\n\n\n\n<figure class=\"wp-block-image size-large\"><img loading=\"lazy\" decoding=\"async\" width=\"1024\" height=\"682\" src=\"https:\/\/tvc16.com\/portal\/wp-content\/uploads\/2022\/07\/festival-da-cachaca-3-1024x682.jpg\" alt=\"\" class=\"wp-image-39164\" srcset=\"https:\/\/tvc16.com\/portal\/wp-content\/uploads\/2022\/07\/festival-da-cachaca-3-1024x682.jpg 1024w, https:\/\/tvc16.com\/portal\/wp-content\/uploads\/2022\/07\/festival-da-cachaca-3-300x200.jpg 300w, https:\/\/tvc16.com\/portal\/wp-content\/uploads\/2022\/07\/festival-da-cachaca-3-768x512.jpg 768w, https:\/\/tvc16.com\/portal\/wp-content\/uploads\/2022\/07\/festival-da-cachaca-3-900x600.jpg 900w, https:\/\/tvc16.com\/portal\/wp-content\/uploads\/2022\/07\/festival-da-cachaca-3.jpg 1280w\" sizes=\"auto, (max-width: 1024px) 100vw, 1024px\" \/><\/figure>\n\n\n\n<p>&#8211; A cria\u00e7\u00e3o dessa data importante para o setor e a nova lei que reduz a carga tribut\u00e1ria para os produtores rurais de qualquer ramo coroam uma das metas da retomada do estado. Al\u00edvio no bolso do homem do campo significa mais investimentos e empregos em suas linhas de produ\u00e7\u00e3o e mais qualifica\u00e7\u00e3o de sua m\u00e3o de obra, com reflexos positivos tamb\u00e9m no turismo \u2013 afirma Cl\u00e1udio Castro.<\/p>\n\n\n\n<p>A Associa\u00e7\u00e3o de Produtores de Cacha\u00e7as do Estado do Rio (Apacerj) estima que as cacha\u00e7arias fluminenses sejam respons\u00e1veis por pelo menos mil empregos diretos no estado. Em 2021, o Rio ficou em terceiro lugar entre os exportadores nacionais do produto, com 9,91% do mercado. O Rio \u00e9 o sexto maior produtor de cacha\u00e7a do pa\u00eds, conforme dados do Minist\u00e9rio da Agricultura. Assinam a coautoria da Lei 9.739 os deputados Filippe Poubel (PL), Waldeck Carneiro (PSB), Eurico J\u00fanior (PV), Eliomar Coelho (PSB), Dr. Serginho (PL) e Coronel Salema (PL).<\/p>\n\n\n\n<p>Menor carga tribut\u00e1ria<\/p>\n\n\n\n<p>A regulamenta\u00e7\u00e3o da lei que suspendeu o Regime de Substitui\u00e7\u00e3o Tarif\u00e1ria, por meio do Decreto 48.039\/22, beneficiou n\u00e3o s\u00f3 os fabricantes e comerciantes de cacha\u00e7as de 64 engenhos, mas tamb\u00e9m de vinhos, sangrias, sidras, espumantes e similares. A regra vale ainda para opera\u00e7\u00f5es que envolvam o com\u00e9rcio de \u00e1gua mineral ou pot\u00e1vel envasada, leite, latic\u00ednios e correlatos.<\/p>\n\n\n\n<p>A substitui\u00e7\u00e3o tribut\u00e1ria foi criada pelo Conselho de Secret\u00e1rios de Fazenda (Confaz) e governos estaduais para garantir o pagamento (na ponta do com\u00e9rcio) do Imposto sobre Circula\u00e7\u00e3o de Mercadorias e Servi\u00e7os (ICMS). Era um mecanismo que, na pr\u00e1tica, obrigava quem produz a tamb\u00e9m arcar com o imposto do cliente, no caso, outra pessoa jur\u00eddica.<br><br>Legenda para fotos em anexo: Engenho da&nbsp;&nbsp;Cacha\u00e7a&nbsp;da&nbsp;Quinta,&nbsp;em Carmo, \u00e9 um dos beneficiados com redu\u00e7\u00e3o de carga tribut\u00e1ria<br><br><\/p>\n\n\n\n<p>Cr\u00e9dito: Carlos Magno<\/p>\n","protected":false},"excerpt":{"rendered":"<p>Data ser\u00e1 celebrada anualmente na&nbsp;segunda&nbsp;quinzena&nbsp;de novembro. Setor de bebidas foi beneficiado com redu\u00e7\u00e3o de carga<\/p>\n","protected":false},"author":2,"featured_media":39162,"comment_status":"open","ping_status":"open","sticky":false,"template":"","format":"standard","meta":{"footnotes":""},"categories":[21,264,18,17,15,118],"tags":[],"class_list":["post-39161","post","type-post","status-publish","format-standard","has-post-thumbnail","hentry","category-cultura","category-destaque","category-economia","category-outras-noticias","category-politica","category-programacao"],"_links":{"self":[{"href":"https:\/\/tvc16.com\/portal\/wp-json\/wp\/v2\/posts\/39161","targetHints":{"allow":["GET"]}}],"collection":[{"href":"https:\/\/tvc16.com\/portal\/wp-json\/wp\/v2\/posts"}],"about":[{"href":"https:\/\/tvc16.com\/portal\/wp-json\/wp\/v2\/types\/post"}],"author":[{"embeddable":true,"href":"https:\/\/tvc16.com\/portal\/wp-json\/wp\/v2\/users\/2"}],"replies":[{"embeddable":true,"href":"https:\/\/tvc16.com\/portal\/wp-json\/wp\/v2\/comments?post=39161"}],"version-history":[{"count":1,"href":"https:\/\/tvc16.com\/portal\/wp-json\/wp\/v2\/posts\/39161\/revisions"}],"predecessor-version":[{"id":39165,"href":"https:\/\/tvc16.com\/portal\/wp-json\/wp\/v2\/posts\/39161\/revisions\/39165"}],"wp:featuredmedia":[{"embeddable":true,"href":"https:\/\/tvc16.com\/portal\/wp-json\/wp\/v2\/media\/39162"}],"wp:attachment":[{"href":"https:\/\/tvc16.com\/portal\/wp-json\/wp\/v2\/media?parent=39161"}],"wp:term":[{"taxonomy":"category","embeddable":true,"href":"https:\/\/tvc16.com\/portal\/wp-json\/wp\/v2\/categories?post=39161"},{"taxonomy":"post_tag","embeddable":true,"href":"https:\/\/tvc16.com\/portal\/wp-json\/wp\/v2\/tags?post=39161"}],"curies":[{"name":"wp","href":"https:\/\/api.w.org\/{rel}","templated":true}]}}