{"id":39166,"date":"2022-07-02T08:35:00","date_gmt":"2022-07-02T11:35:00","guid":{"rendered":"https:\/\/tvc16.com\/portal\/?p=39166"},"modified":"2022-07-01T23:32:13","modified_gmt":"2022-07-02T02:32:13","slug":"governo-do-estado-ianugura-primeiro-ciep-modernizado-do-projeto-e-tec-em-duque-de-caxias","status":"publish","type":"post","link":"https:\/\/tvc16.com\/portal\/2022\/07\/02\/governo-do-estado-ianugura-primeiro-ciep-modernizado-do-projeto-e-tec-em-duque-de-caxias\/","title":{"rendered":"Governo do Estado ianugura primeiro Ciep modernizado do Projeto E-Tec em Duque de Caxias"},"content":{"rendered":"\n<p><em>Na cidade, tamb\u00e9m foram entregues as obras do Hospital Ad\u00e3o Pereira Nunes e reaberto o Museu Ci\u00eancia e Vida<\/em><\/p>\n\n\n\n<p>O Governo do Estado inaugurou, nesta sexta-feira (1\/7), a primeira das 50 Escolas de Novas Tecnologias e Oportunidades (E-Tec), em Duque de Caxias, na Baixada Fluminense. Na cidade, tamb\u00e9m foram entregues as obras do Hospital Ad\u00e3o Pereira Nunes e reaberto o Museu Ci\u00eancia e Vida.<\/p>\n\n\n\n<p>Beneficiado pelo projeto E-Tec, o Ciep E-Tec 035 Marechal Henrique Teixeira Lott, no bairro Jardim Primavera, teve suas estruturas f\u00edsica e pedag\u00f3gica modernizadas. O programa, que conta com investimento de R$ 620 milh\u00f5es, vai atingir 24 mil estudantes em todo o Estado do Rio de Janeiro.<\/p>\n\n\n\n<p>&#8211; Temos alunos, professores e escolas de \u00e9pocas diferentes. S\u00e3o ambientes mais atrativos, tecnol\u00f3gicos e multidisciplinares. As escolas precisam ser locais em que as pessoas sintam vontade de ficar e absorver as infinitas formas de acesso ao conhecimento \u2013 disse o governador Cl\u00e1udio Castro.<\/p>\n\n\n\n<figure class=\"wp-block-image size-full\"><img loading=\"lazy\" decoding=\"async\" width=\"1024\" height=\"683\" src=\"https:\/\/tvc16.com\/portal\/wp-content\/uploads\/2022\/07\/PL-Ciep-35.jpg\" alt=\"\" class=\"wp-image-39168\" srcset=\"https:\/\/tvc16.com\/portal\/wp-content\/uploads\/2022\/07\/PL-Ciep-35.jpg 1024w, https:\/\/tvc16.com\/portal\/wp-content\/uploads\/2022\/07\/PL-Ciep-35-300x200.jpg 300w, https:\/\/tvc16.com\/portal\/wp-content\/uploads\/2022\/07\/PL-Ciep-35-768x512.jpg 768w, https:\/\/tvc16.com\/portal\/wp-content\/uploads\/2022\/07\/PL-Ciep-35-900x600.jpg 900w\" sizes=\"auto, (max-width: 1024px) 100vw, 1024px\" \/><\/figure>\n\n\n\n<p>As inova\u00e7\u00f5es tecnol\u00f3gicas implantadas na escola de Duque de Caxias v\u00e3o atender 678 estudantes do 6\u00ba ao 9\u00ba anos do Ensino Fundamental. Neste primeiro ano, a educa\u00e7\u00e3o ser\u00e1 em tempo integral para os alunos do 6\u00ba ano, que ter\u00e3o aulas no contraturno de artes, ecologia, games, rob\u00f3tica, entre outras. A amplia\u00e7\u00e3o da carga hor\u00e1ria ser\u00e1 estendida aos demais anos, a partir de 2023. Al\u00e9m de recursos tecnol\u00f3gicos, como conex\u00e3o \u00e0 internet, salas dedicadas \u00e0 produ\u00e7\u00e3o audiovisual (salas makers), todas as unidades ser\u00e3o sustent\u00e1veis e receber\u00e3o pain\u00e9is solares.<\/p>\n\n\n\n<p><strong>Melhorias para o Hospital Municipalizado Ad\u00e3o Pereira Nunes<br><\/strong><br>J\u00e1 no Ad\u00e3o Pereira Nunes, foram entregues novos leitos e outras melhorias. No total, o Estado destinou R$ 34,8 milh\u00f5es em recursos para a unidade. A cl\u00ednica cir\u00fargica do 4\u00ba andar conta com 12 enfermarias com 41 leitos, um Centro Cir\u00fargico e o novo SPA (Servi\u00e7o de Pronto Atendimento).<\/p>\n\n\n\n<figure class=\"wp-block-image size-full\"><img loading=\"lazy\" decoding=\"async\" width=\"1024\" height=\"683\" src=\"https:\/\/tvc16.com\/portal\/wp-content\/uploads\/2022\/07\/PL-Hosp-Adao-Pereira-Nunes-13.jpg\" alt=\"\" class=\"wp-image-39169\" srcset=\"https:\/\/tvc16.com\/portal\/wp-content\/uploads\/2022\/07\/PL-Hosp-Adao-Pereira-Nunes-13.jpg 1024w, https:\/\/tvc16.com\/portal\/wp-content\/uploads\/2022\/07\/PL-Hosp-Adao-Pereira-Nunes-13-300x200.jpg 300w, https:\/\/tvc16.com\/portal\/wp-content\/uploads\/2022\/07\/PL-Hosp-Adao-Pereira-Nunes-13-768x512.jpg 768w, https:\/\/tvc16.com\/portal\/wp-content\/uploads\/2022\/07\/PL-Hosp-Adao-Pereira-Nunes-13-900x600.jpg 900w\" sizes=\"auto, (max-width: 1024px) 100vw, 1024px\" \/><\/figure>\n\n\n\n<p>Al\u00e9m da reforma, o hospital recebeu novos equipamentos, como, por exemplo, um aparelho de tomografia computadorizada de alta tecnologia, que pode atender pacientes com mais de 300 quilos e realizar em torno de 400 exames por dia.<\/p>\n\n\n\n<p><strong>Museu Ci\u00eancia e Vida<br><\/strong><br>Ap\u00f3s um per\u00edodo fechado durante a pandemia, o Museu Ci\u00eancia e Vida, da Funda\u00e7\u00e3o Cecierj, voltou a funcionar, nesta sexta-feira, quando se comemora 12 anos de sua cria\u00e7\u00e3o. O museu se tornou um importante complexo de ci\u00eancia, cultura, educa\u00e7\u00e3o e tecnologia da Baixada Fluminense e retorna \u00e0s atividades com exposi\u00e7\u00f5es gratuitas para o p\u00fablico.<\/p>\n\n\n\n<p><strong>Segunda unidade da Rede Ceja<br><\/strong><br>Ainda na cidade, o Estado inaugurou a segunda unidade do Centro de Educa\u00e7\u00e3o de Jovens e Adultos (Ceja) no munic\u00edpio, o polo Parque Santo Ant\u00f4nio. O local \u00e9 destinado a quem est\u00e1 fora da idade escolar e deseja concluir os estudos.<\/p>\n\n\n\n<p>O novo polo vai funcionar em uma estrutura com 300 metros quadrados e com um parque computacional de \u00faltima gera\u00e7\u00e3o. Com essa abertura, o Estado do Rio passa a contar com 58 escolas da rede estadual de ensino na modalidade semipresencial, somando 58 mil alunos. As matr\u00edculas para os estudantes que desejam estudar na nova unidade j\u00e1 est\u00e3o abertas e devem ser feitas pelo site&nbsp;<a href=\"http:\/\/sca.cecierj.edu.br\/scc\/\" target=\"_blank\" rel=\"noreferrer noopener\">sca.cecierj.edu.br\/scc\/<\/a>.<\/p>\n\n\n\n<p><strong>Visita ao CICC<br><\/strong><br>O governador visitou o Centro Integrado de Comando e Controle da Baixada Fluminense (CICC-BF). O espa\u00e7o conta com uma central de monitoramento e com o 3\u00b0 CPA (Comando de Policiamento de \u00c1rea). O equipamento faz parte do CISPBAF (Cons\u00f3rcio Integrado de Seguran\u00e7a P\u00fablica da Baixada Fluminense). O local tem por finalidade uma uni\u00e3o de esfor\u00e7os entre diferentes munic\u00edpios para combater a criminalidade. O CICC-BF conta com um investimento total de mais de R$ 25 milh\u00f5es, sendo quase R$ 15 milh\u00f5es disponibilizados pelo governo estadual.<\/p>\n","protected":false},"excerpt":{"rendered":"<p>Na cidade, tamb\u00e9m foram entregues as obras do Hospital Ad\u00e3o Pereira Nunes e reaberto o<\/p>\n","protected":false},"author":2,"featured_media":39167,"comment_status":"open","ping_status":"open","sticky":false,"template":"","format":"standard","meta":{"footnotes":""},"categories":[19,17,15],"tags":[],"class_list":["post-39166","post","type-post","status-publish","format-standard","has-post-thumbnail","hentry","category-educacao","category-outras-noticias","category-politica"],"_links":{"self":[{"href":"https:\/\/tvc16.com\/portal\/wp-json\/wp\/v2\/posts\/39166","targetHints":{"allow":["GET"]}}],"collection":[{"href":"https:\/\/tvc16.com\/portal\/wp-json\/wp\/v2\/posts"}],"about":[{"href":"https:\/\/tvc16.com\/portal\/wp-json\/wp\/v2\/types\/post"}],"author":[{"embeddable":true,"href":"https:\/\/tvc16.com\/portal\/wp-json\/wp\/v2\/users\/2"}],"replies":[{"embeddable":true,"href":"https:\/\/tvc16.com\/portal\/wp-json\/wp\/v2\/comments?post=39166"}],"version-history":[{"count":1,"href":"https:\/\/tvc16.com\/portal\/wp-json\/wp\/v2\/posts\/39166\/revisions"}],"predecessor-version":[{"id":39170,"href":"https:\/\/tvc16.com\/portal\/wp-json\/wp\/v2\/posts\/39166\/revisions\/39170"}],"wp:featuredmedia":[{"embeddable":true,"href":"https:\/\/tvc16.com\/portal\/wp-json\/wp\/v2\/media\/39167"}],"wp:attachment":[{"href":"https:\/\/tvc16.com\/portal\/wp-json\/wp\/v2\/media?parent=39166"}],"wp:term":[{"taxonomy":"category","embeddable":true,"href":"https:\/\/tvc16.com\/portal\/wp-json\/wp\/v2\/categories?post=39166"},{"taxonomy":"post_tag","embeddable":true,"href":"https:\/\/tvc16.com\/portal\/wp-json\/wp\/v2\/tags?post=39166"}],"curies":[{"name":"wp","href":"https:\/\/api.w.org\/{rel}","templated":true}]}}