{"id":39177,"date":"2022-07-03T10:44:00","date_gmt":"2022-07-03T13:44:00","guid":{"rendered":"https:\/\/tvc16.com\/portal\/?p=39177"},"modified":"2022-07-01T23:48:52","modified_gmt":"2022-07-02T02:48:52","slug":"prefeitura-de-teresopolis-apresenta-projetos-de-protecao-e-bem-estar-animal-e-balanco-de-acoes-realizadas","status":"publish","type":"post","link":"https:\/\/tvc16.com\/portal\/2022\/07\/03\/prefeitura-de-teresopolis-apresenta-projetos-de-protecao-e-bem-estar-animal-e-balanco-de-acoes-realizadas\/","title":{"rendered":"Prefeitura de Teres\u00f3polis apresenta projetos de prote\u00e7\u00e3o e bem-estar animal e balan\u00e7o de a\u00e7\u00f5es realizadas"},"content":{"rendered":"\n<p>Entre as a\u00e7\u00f5es, constru\u00e7\u00e3o do CTA, aquisi\u00e7\u00e3o de castram\u00f3vel e chamamento p\u00fablico para apoio \u00e0s associa\u00e7\u00f5es e ONG\u00b4s<\/p>\n\n\n\n<p>A equipe da COPBEA (Coordenadoria Municipal de Prote\u00e7\u00e3o e Bem-estar Animal), vinculada \u00e0 Secretaria M. de Meio Ambiente, apresentou, nesta quinta-feira, 30, no Teatro Municipal, na Prefeitura, os projetos da gest\u00e3o municipal para a causa da Prote\u00e7\u00e3o e Bem-estar Animal e o balan\u00e7o das atividades j\u00e1 realizadas pelo setor. Entre os projetos, a constru\u00e7\u00e3o do novo CTA (Centro de Triagem Animal) e a aquisi\u00e7\u00e3o do Castram\u00f3vel, com previs\u00e3o de chegada ao munic\u00edpio em agosto, al\u00e9m do lan\u00e7amento do \u2018Almanaque de Prote\u00e7\u00e3o e Bem-estar Animal\u2019 que ser\u00e1 distribu\u00eddo para os cerca de 22 mil alunos da Rede Municipal de Ensino, que se tornar\u00e3o multiplicadores da import\u00e2ncia dos cuidados com os animais. Tamb\u00e9m foi mostrado um balan\u00e7o do trabalho feito pela COPBEA, como a castra\u00e7\u00e3o gratuita de 970 c\u00e3es e gatos, em um per\u00edodo de 5 meses, e o atendimento a mais de 1.900 den\u00fancias de maus-tratos a animais desde a cria\u00e7\u00e3o da coordenadoria, em 2018, na gest\u00e3o do Prefeito Vinicius Claussen.<\/p>\n\n\n\n<p>O evento foi iniciado com o depoimento emocionado da Primeira-dama, Paula Sch\u00fctte, madrinha e apoiadora da causa animal, sobre o seu envolvimento com a prote\u00e7\u00e3o e o bem-estar animal. Paula fez um agradecimento especial aos protetores. \u201cS\u00f3 uma alma gigante consegue viver com coragem e mudando o mundo ao seu redor. Assim s\u00e3o os protetores animais! Obrigada por me permitir estar com voc\u00eas nessa caminhada!\u201d, frisou Paula Sch\u00fctte.<\/p>\n\n\n\n<p>O Prefeito Vinicius Claussen tamb\u00e9m destacou o amor com que os protetores atuam na causa da prote\u00e7\u00e3o e bem-estar dos animais no munic\u00edpio. \u201cAt\u00e9 que essas pol\u00edticas p\u00fablicas estejam todas concretizadas, Teres\u00f3polis tem uma d\u00edvida de gratid\u00e3o com todos os protetores do munic\u00edpio. Voc\u00eas abra\u00e7am a causa com tanto carinho, acolhem os animais em suas casas, de uma forma t\u00e3o natural, desprovida de vaidade, com toda a pureza. Destaco Guilherme Motta como um dos grandes exemplos dessa doa\u00e7\u00e3o total de amor aos animais. Nosso agradecimento e rever\u00eancia a ele e a todos que d\u00e3o a vida por nossos queridos e indefesos animais\u201d, declarou Vinicius Claussen.<\/p>\n\n\n\n<p>Vinicius Claussen fez ainda agradecimentos especiais ao Deputado Hugo Leal, por todas as emendas parlamentares destinadas a Teres\u00f3polis, em diversas \u00e1reas, e ao Vereador Tenente Jaime Medeiros, pelo apoio no Legislativo desde 2018, em especial, na luta pela causa animal. Tenente Jaime \u00e9 autor de 12 projetos de lei voltados para o segmento, inclusive a cria\u00e7\u00e3o da COPBEA, e a todos os envolvidos nos projetos voltados para a prote\u00e7\u00e3o e bem-estar animal em Teres\u00f3polis. Os vereadores Am\u00f3s Laurindo, \u00c9rika Marra, Fabinho Fil\u00e9 e Teco Despachante tamb\u00e9m estiveram presentes ao evento. O Prefeito citou tamb\u00e9m a importante presen\u00e7a de diversos representantes de ONG\u00b4s da cidade, como \u2018SOS Animal\u2019, \u2018Anjos Peludos\u2019, \u2018Santu\u00e1rios das Fadas\u2019, \u2018Crescendo\u2019 e \u2018Meu Gato Sem Nome\u2019, al\u00e9m de protetores individuais.<\/p>\n\n\n\n<p>Na ocasi\u00e3o, o Deputado Federal Hugo Leal entregou ao Prefeito Vinicius Claussen o cheque s\u00edmbolo, no valor de R$ 2 milh\u00f5es, representando a destina\u00e7\u00e3o de emenda parlamentar que ser\u00e1 investida da seguinte forma: R$ 1,5 milh\u00e3o para a constru\u00e7\u00e3o do CTA (Centro de Triagem Animal), R$ 300 mil para o programa de castra\u00e7\u00e3o animal gratuito e R$ 200 mil destinados \u00e0 compra de insumos para cuidados com animais, que ser\u00e3o doados para associa\u00e7\u00f5es e ONG`s que atuam no munic\u00edpio, por meio de Chamamento P\u00fablico.<\/p>\n\n\n\n<p>\u201cImportante destacar que a pol\u00edtica p\u00fablica tenha come\u00e7o, meio e fim. Meu papel aqui hoje \u00e9 cumprir, mais uma vez, como parlamentar, o compromisso assumido de contribuir com uma atua\u00e7\u00e3o mais efetiva com rela\u00e7\u00e3o \u00e0 causa animal. Estou feliz por ver o desdobramento que esse recurso vai ter nas \u00e1reas da Sa\u00fade e da Educa\u00e7\u00e3o. O recurso \u00e9 p\u00fablico, ou seja, j\u00e1 foi recolhido da popula\u00e7\u00e3o e retorna em forma de benef\u00edcios para a pr\u00f3pria popula\u00e7\u00e3o. \u00c9 uma enorme satisfa\u00e7\u00e3o estar contribuindo para a causa animal em Teres\u00f3polis\u201d, enfatizou Hugo Leal, que entregou ainda cheques simb\u00f3licos, representando a destina\u00e7\u00e3o de recursos de emendas parlamentares, para APAE Teres\u00f3polis, Associa\u00e7\u00e3o Camp Teres\u00f3polis, Casa S\u00e3o Vicente de Teres\u00f3polis, Lar Tia Anast\u00e1cia, Mans\u00e3o dos Velhinhos e Associa\u00e7\u00e3o TEIAA (Centro de Atendimento para Autistas de Teres\u00f3polis).<\/p>\n\n\n\n<p><strong>Novo Centro de Triagem Animal (CTA)<\/strong><\/p>\n\n\n\n<p>O projeto arquitet\u00f4nico do novo Centro de Triagem Animal (CTA) da Prefeitura de Teres\u00f3polis foi apresentado pelo secret\u00e1rio de Obras P\u00fablicas, Ricardo Pereira Jr. O CTA ocupar\u00e1 um terreno de 6.140m\u00b2 e ter\u00e1 839m\u00b2 de \u00e1rea constru\u00edda, com 12 canis (entre coletivos e individuais) e 6 gatis coletivos, com abrigos e sol\u00e1rios e capacidade para at\u00e9 80 animais, espa\u00e7o para triagem, centro cir\u00fargico e \u00e1rea para atividades ao ar livre. A unidade ser\u00e1 constru\u00edda em terreno da Prefeitura, no bairro da Prata, onde antes funcionava a Escola Estadual Municipalizada Alice Saldanha. Interditado em 2011 e com os alunos realocados, o antigo pr\u00e9dio foi demolido para libera\u00e7\u00e3o do terreno. Prevista para come\u00e7ar em 2020, a obra n\u00e3o foi realizada devido \u00e0 pandemia, e os procedimentos administrativos est\u00e3o sendo retomados em 2022.<\/p>\n\n\n\n<p>O CTA \u00e9 vinculado \u00e0 Secretaria M. de Sa\u00fade e a secret\u00e1ria Clarissa Guita, que assumiu a pasta recentemente, apresentou a tr\u00edade do conceito de \u2018Sa\u00fade \u00danica\u2019, na qual h\u00e1 um esfor\u00e7o integrado multidisciplinar trabalhando para garantir a sa\u00fade das pessoas, animais e meio ambiente. O conceito foi proposto por organiza\u00e7\u00f5es internacionais reconhecendo que existe um v\u00ednculo muito estreito entre o ambiente, as doen\u00e7as em animais e a sa\u00fade humana.<\/p>\n\n\n\n<p><strong>Cartilha de Prote\u00e7\u00e3o e Bem-estar Animal<\/strong><\/p>\n\n\n\n<p>O Almanaque de Prote\u00e7\u00e3o e Bem-estar Animal integra o Programa de Educa\u00e7\u00e3o nas Escolas de Teres\u00f3polis. A cartilha traz muitas dicas sobre como cuidar bem dos animais, com conte\u00fado interativo, orienta\u00e7\u00f5es efetivas e diretas, o que proporciona um aprendizado com envolvimento e divers\u00e3o. Entre as informa\u00e7\u00f5es, dados sobre vacina\u00e7\u00e3o, doen\u00e7as, alimenta\u00e7\u00e3o e higiene.<\/p>\n\n\n\n<p>\u201cA cartilha ser\u00e1 distribu\u00edda, no formato impresso para todos os alunos da rede, al\u00e9m disso, os estudantes de 6 a 14 anos v\u00e3o receber a edi\u00e7\u00e3o digital nos tablets. Nossas crian\u00e7as ser\u00e3o multiplicadoras, em suas casas, com suas fam\u00edlias, sobre os cuidados com os animais. A cartilha tamb\u00e9m \u00e9 inclusiva: ter\u00e1 uma vers\u00e3o em braile, com recursos audiovisuais. Al\u00e9m disso, estamos verificando a possibilidade de transformar a cartilha em desenho animado para envolver de forma mais efetiva as crian\u00e7as das nossas creches, jardim de inf\u00e2ncia\u201d, enfatizou a secret\u00e1ria de Educa\u00e7\u00e3o, Satiele Santos.<\/p>\n\n\n\n<p>A protetora volunt\u00e1ria da COPBEA, Beatriz Os\u00f3rio, ressaltou a import\u00e2ncia das a\u00e7\u00f5es que v\u00eam sendo implementadas no munic\u00edpio no \u00e2mbito da causa animal e que, com o lan\u00e7amento do Almanaque, Teres\u00f3polis se torna refer\u00eancia no assunto. \u201cCom o lan\u00e7amento da cartilha, estamos cumprindo os cinco eixos estabelecidos pelo Minist\u00e9rio do Meio Ambiente. S\u00e3o 60 p\u00e1ginas com um conte\u00fado incr\u00edvel. As crian\u00e7as v\u00e3o aprender li\u00e7\u00f5es valiosas e transmiti-las para seus pais, irm\u00e3os e amigos. Esse material foi feito com muito amor, dedica\u00e7\u00e3o, e vai gerar grandes frutos para as pr\u00f3ximas gera\u00e7\u00f5es!\u201d, comentou Beatriz Os\u00f3rio, que tamb\u00e9m agradeceu a todos os protetores de Teres\u00f3polis pelo incans\u00e1vel amor aos animais.<\/p>\n\n\n\n<p>Mais de 1.450 professores da Rede Municipal de Ensino v\u00e3o receber treinamento sobre o conte\u00fado da cartilha para disseminar os conhecimentos aos alunos da rede. A cartilha foi ilustrada por Rodrigodraw Miguel (ilustrador, produtor, professor e desenhista de artes visuais).<\/p>\n\n\n\n<p><strong>COPBEA<\/strong><\/p>\n\n\n\n<p>Criada por Lei Municipal em 2018 e atuando desde 2019, a COPBEA \u00e9 vinculada \u00e0 Secretaria Municipal de Meio Ambiente e tem como atribui\u00e7\u00e3o elaborar e executar pol\u00edticas p\u00fablicas voltadas para o cuidado dos animais e \u00e0 preven\u00e7\u00e3o de agravos \u00e0 sa\u00fade p\u00fablica e de maus tratos.<\/p>\n\n\n\n<p>O \u00f3rg\u00e3o faz parte das pol\u00edticas p\u00fablicas de prote\u00e7\u00e3o animal postas em pr\u00e1tica pela Gest\u00e3o do Prefeito Vinicius Claussen, que desde 2019 vem avan\u00e7ando nesta \u00e1rea, com a cria\u00e7\u00e3o do Conselho Municipal de Prote\u00e7\u00e3o e Bem-estar Animal; a implanta\u00e7\u00e3o do C\u00f3digo Municipal de Prote\u00e7\u00e3o e Bem-estar Animal; o desenvolvimento da plataforma \u2018Adote um amor\u2019 para incentivar a ado\u00e7\u00e3o respons\u00e1vel; a instala\u00e7\u00e3o do programa gratuito de castra\u00e7\u00e3o de c\u00e3es e gatos; a aquisi\u00e7\u00e3o do castram\u00f3vel; e agora, a constru\u00e7\u00e3o do novo CTA \u2013 Centro de Triagem Animal. Tudo sempre buscando envolver protetores e institui\u00e7\u00f5es ligados \u00e0 causa animal, importantes parceiros nestes projetos.<\/p>\n\n\n\n<p><strong>Castra\u00e7\u00e3o Animal Gratuita<\/strong><\/p>\n\n\n\n<p>Levantamento da COPBEA (Coordena\u00e7\u00e3o de Prote\u00e7\u00e3o e Bem Estar Animal) aponta que desde 16 de dezembro do ano passado, quando foi lan\u00e7ado pelo Prefeito Vinicius Claussen e a Primeira-dama Paula Sch\u00fctte Claussen, at\u00e9 o dia 20 de maio, o programa municipal de castra\u00e7\u00e3o gratuita esterilizou 970 c\u00e3es e gatos errantes, comunit\u00e1rios, resgatados e de propriet\u00e1rios com perfil de baixa renda.<\/p>\n\n\n\n<p>\u201cA primeira etapa do projeto totaliza um investimento de R$ 200 mil de recursos pr\u00f3prios da Prefeitura, com os procedimentos cir\u00fargicos realizados por duas cl\u00ednicas veterin\u00e1rias credenciadas, por meio de chamamento p\u00fablico. A gest\u00e3o municipal est\u00e1 investindo R$ 100 mil para a continua\u00e7\u00e3o do programa por mais 3 meses, at\u00e9 a chegada do castram\u00f3vel, a unidade m\u00f3vel adquirida pela Prefeitura, por meio de licita\u00e7\u00e3o, e que est\u00e1 prevista para ser entregue em agosto para castra\u00e7\u00f5es volantes na cidade e no interior\u201d, explicou o coordenador da COPBEA, Jackson Muci, divulgando que&nbsp;na pr\u00f3xima quarta, 6 de julho, durante o desfile pelo anivers\u00e1rio de 131 anos de Teres\u00f3polis, a equipe da COPBEA estar\u00e1 em espa\u00e7o na Av. J. J. de Ara\u00fajo Regadas, das 10h \u00e0s 14h, com a Feira \u2018Adote um Amor\u2019.<\/p>\n\n\n\n<p>O programa municipal de castra\u00e7\u00e3o gratuita da Prefeitura de Teres\u00f3polis \u00e9 voltado para c\u00e3es e gatos errantes, comunit\u00e1rios, resgatados e de propriet\u00e1rios com perfil de baixa renda no munic\u00edpio.&nbsp;Os interessados podem preencher formul\u00e1rio impresso, encontrado no balc\u00e3o de atendimento da Secretaria Municipal de Meio Ambiente (Av. L\u00facio Meira, 375, 2\u00ba andar, pr\u00e9dio do antigo F\u00f3rum, na V\u00e1rzea) e na sede da COPBEA, no Horto Municipal (Av. Tobias Barreto, 21, Quarenta Casas), de segunda a sexta, das 9h \u00e0s 16h. Outros locais s\u00e3o o CRAS Alto (Rua Nilza Chiapeta Fadigas, 190, V\u00e1rzea), CRAS Meudon (Rua Caramuru, 108, Meudon) e o CRAS Fischer (Rua Pedro Eleot\u00e9rio 2.738). Outra op\u00e7\u00e3o \u00e9 o Censo Animal online. Basta clicar no link&nbsp;<a href=\"https:\/\/bit.ly\/castracao-copbea\" target=\"_blank\" rel=\"noreferrer noopener\">https:\/\/bit.ly\/castracao-copbea<\/a>&nbsp;para acessar e preencher o formul\u00e1rio de cadastro.<\/p>\n\n\n\n<p>Contatos com a COPBEA podem ser feitos por meio da Ouvidoria Geral do Munic\u00edpio pelos telefones 162 e (21) 2742-5074, pelo WhatsApp (21) 98126-4038, pelo e-mail&nbsp;<a href=\"mailto:ouvidoria@teresopolis.rj.gov.br\" target=\"_blank\" rel=\"noreferrer noopener\">ouvidoria@teresopolis.rj.gov.br<\/a>&nbsp;e tamb\u00e9m pelo aplicativo e-Ouve. Todos ser\u00e3o encaminhados \u00e0 Coordenadoria de Prote\u00e7\u00e3o e Bem-estar Animal.<\/p>\n\n\n\n<p><strong>Fotos: Bruno Nepomuceno&nbsp;<\/strong><\/p>\n","protected":false},"excerpt":{"rendered":"<p>Entre as a\u00e7\u00f5es, constru\u00e7\u00e3o do CTA, aquisi\u00e7\u00e3o de castram\u00f3vel e chamamento p\u00fablico para apoio \u00e0s<\/p>\n","protected":false},"author":2,"featured_media":39178,"comment_status":"open","ping_status":"open","sticky":false,"template":"","format":"standard","meta":{"footnotes":""},"categories":[18,19,17,15],"tags":[],"class_list":["post-39177","post","type-post","status-publish","format-standard","has-post-thumbnail","hentry","category-economia","category-educacao","category-outras-noticias","category-politica"],"_links":{"self":[{"href":"https:\/\/tvc16.com\/portal\/wp-json\/wp\/v2\/posts\/39177","targetHints":{"allow":["GET"]}}],"collection":[{"href":"https:\/\/tvc16.com\/portal\/wp-json\/wp\/v2\/posts"}],"about":[{"href":"https:\/\/tvc16.com\/portal\/wp-json\/wp\/v2\/types\/post"}],"author":[{"embeddable":true,"href":"https:\/\/tvc16.com\/portal\/wp-json\/wp\/v2\/users\/2"}],"replies":[{"embeddable":true,"href":"https:\/\/tvc16.com\/portal\/wp-json\/wp\/v2\/comments?post=39177"}],"version-history":[{"count":1,"href":"https:\/\/tvc16.com\/portal\/wp-json\/wp\/v2\/posts\/39177\/revisions"}],"predecessor-version":[{"id":39179,"href":"https:\/\/tvc16.com\/portal\/wp-json\/wp\/v2\/posts\/39177\/revisions\/39179"}],"wp:featuredmedia":[{"embeddable":true,"href":"https:\/\/tvc16.com\/portal\/wp-json\/wp\/v2\/media\/39178"}],"wp:attachment":[{"href":"https:\/\/tvc16.com\/portal\/wp-json\/wp\/v2\/media?parent=39177"}],"wp:term":[{"taxonomy":"category","embeddable":true,"href":"https:\/\/tvc16.com\/portal\/wp-json\/wp\/v2\/categories?post=39177"},{"taxonomy":"post_tag","embeddable":true,"href":"https:\/\/tvc16.com\/portal\/wp-json\/wp\/v2\/tags?post=39177"}],"curies":[{"name":"wp","href":"https:\/\/api.w.org\/{rel}","templated":true}]}}