{"id":39189,"date":"2022-07-02T07:45:00","date_gmt":"2022-07-02T10:45:00","guid":{"rendered":"https:\/\/tvc16.com\/portal\/?p=39189"},"modified":"2022-07-02T00:20:13","modified_gmt":"2022-07-02T03:20:13","slug":"maratona-interfere-no-trafego-da-br-116-rj-no-principal-acesso-a-teresopolis-hoje-e-amanha","status":"publish","type":"post","link":"https:\/\/tvc16.com\/portal\/2022\/07\/02\/maratona-interfere-no-trafego-da-br-116-rj-no-principal-acesso-a-teresopolis-hoje-e-amanha\/","title":{"rendered":"Maratona interfere no tr\u00e1fego da BR-116\/RJ no principal acesso a Teres\u00f3polis hoje e amanh\u00e3"},"content":{"rendered":"\n<p><strong>Avenida Rotariana e trecho da Serra t\u00eam interven\u00e7\u00f5es para passagem dos atletas da UPHILL MARATHON 2022<\/strong><\/p>\n\n\n\n<p>A Concession\u00e1ria Rio-Teres\u00f3polis (CRT) avisa os usu\u00e1rios da Rodovia Santos Dumont (BR-116\/RJ) que, neste fim de semana acontece a segunda edi\u00e7\u00e3o da UPHILL MARATHON 2022 &#8211; Serra dos \u00d3rg\u00e3os, uma prova de resist\u00eancia organizada pela empresa X3M Entretenimentos S\/A, que conta com o apoio da Pol\u00edcia Rodovi\u00e1ria Federal, e causar\u00e1 interfer\u00eancia no fluxo de ve\u00edculos, tanto no principal acesso \u00e0 cidade de Teres\u00f3polis quanto no trecho da Serra.<\/p>\n\n\n\n<p>No dia 02 de julho, s\u00e1bado, entre 8h e 10h ser\u00e1 realizado um treino dentro da cidade de Teres\u00f3polis, entre a Av. Oliveira Botelho, passando pela Av. Rotariana, at\u00e9 o Centro de Atendimento ao Turista (Soberbo), com retorno ao ponto de largada. Haver\u00e1 necessidade de interdi\u00e7\u00e3o parcial do trecho com tr\u00e1fego fluindo em sistema de pare e siga. A concession\u00e1ria orienta como alternativa neste per\u00edodo que o acesso \u00e0 Teres\u00f3polis seja feito pelo bairro Meudon (km-83).<\/p>\n\n\n\n<p>J\u00e1 no domingo, dia 03 de julho, entre 7h e 12h, haver\u00e1 dois pontos de largada simult\u00e2neos, em Parada Modelo (Km 106) e no Posto Garraf\u00e3o (km 94,3), e todos os atletas seguir\u00e3o pela Serra de Teres\u00f3polis, com destino ao bairro do Alto, na cidade de Teres\u00f3polis. A prova ser\u00e1 realizada ao longo do trecho da Serra utilizando a terceira faixa, portanto, para seguran\u00e7a de todos, ser\u00e1 necess\u00e1rio o fechamento desta e, nos quil\u00f4metros em que n\u00e3o houver terceira faixa, ser\u00e1 implantado o sistema de pare e siga.&nbsp;A PRF&nbsp;(Pol\u00edcia Rodovi\u00e1ria Federal), autoridade sobre a via poder\u00e1 modificar, no ato do evento e de acordo com a necessidade, algumas a\u00e7\u00f5es quanto ao fechamento tempor\u00e1rio da pista.<\/p>\n\n\n\n<p>A Concession\u00e1ria sugere que os usu\u00e1rios planejem seus deslocamentos com alguma anteced\u00eancia em fun\u00e7\u00e3o de poss\u00edveis reten\u00e7\u00f5es. O trecho conta com o apoio da PRF e Guarda Municipal das cidades de Guapimirim e Teres\u00f3polis, e estar\u00e1 devidamente sinalizado e com equipes de batedores da empresa respons\u00e1vel pelo evento. Equipes da CRT ser\u00e3o mantidas no trecho para monitorar os trabalhos e orienta\u00e7\u00e3o dos motoristas. Outras informa\u00e7\u00f5es podem ser obtidas pelos n\u00fameros 0800-0210278 e 0800-0210279 (deficientes auditivos e de fala), que funcionam em plant\u00e3o 24h.<\/p>\n\n\n\n<p>Alexandra Amaral &#8211; CRT<\/p>\n","protected":false},"excerpt":{"rendered":"<p>Avenida Rotariana e trecho da Serra t\u00eam interven\u00e7\u00f5es para passagem dos atletas da UPHILL MARATHON<\/p>\n","protected":false},"author":2,"featured_media":39190,"comment_status":"open","ping_status":"open","sticky":false,"template":"","format":"standard","meta":{"footnotes":""},"categories":[21,19,20,17,118],"tags":[],"class_list":["post-39189","post","type-post","status-publish","format-standard","has-post-thumbnail","hentry","category-cultura","category-educacao","category-esporte","category-outras-noticias","category-programacao"],"_links":{"self":[{"href":"https:\/\/tvc16.com\/portal\/wp-json\/wp\/v2\/posts\/39189","targetHints":{"allow":["GET"]}}],"collection":[{"href":"https:\/\/tvc16.com\/portal\/wp-json\/wp\/v2\/posts"}],"about":[{"href":"https:\/\/tvc16.com\/portal\/wp-json\/wp\/v2\/types\/post"}],"author":[{"embeddable":true,"href":"https:\/\/tvc16.com\/portal\/wp-json\/wp\/v2\/users\/2"}],"replies":[{"embeddable":true,"href":"https:\/\/tvc16.com\/portal\/wp-json\/wp\/v2\/comments?post=39189"}],"version-history":[{"count":1,"href":"https:\/\/tvc16.com\/portal\/wp-json\/wp\/v2\/posts\/39189\/revisions"}],"predecessor-version":[{"id":39191,"href":"https:\/\/tvc16.com\/portal\/wp-json\/wp\/v2\/posts\/39189\/revisions\/39191"}],"wp:featuredmedia":[{"embeddable":true,"href":"https:\/\/tvc16.com\/portal\/wp-json\/wp\/v2\/media\/39190"}],"wp:attachment":[{"href":"https:\/\/tvc16.com\/portal\/wp-json\/wp\/v2\/media?parent=39189"}],"wp:term":[{"taxonomy":"category","embeddable":true,"href":"https:\/\/tvc16.com\/portal\/wp-json\/wp\/v2\/categories?post=39189"},{"taxonomy":"post_tag","embeddable":true,"href":"https:\/\/tvc16.com\/portal\/wp-json\/wp\/v2\/tags?post=39189"}],"curies":[{"name":"wp","href":"https:\/\/api.w.org\/{rel}","templated":true}]}}