{"id":39192,"date":"2022-07-02T10:40:00","date_gmt":"2022-07-02T13:40:00","guid":{"rendered":"https:\/\/tvc16.com\/portal\/?p=39192"},"modified":"2022-07-02T10:27:57","modified_gmt":"2022-07-02T13:27:57","slug":"prefeitura-inicia-vacinacao-itinerante-contra-a-covid-19-nas-escolas-da-rede-municipal","status":"publish","type":"post","link":"https:\/\/tvc16.com\/portal\/2022\/07\/02\/prefeitura-inicia-vacinacao-itinerante-contra-a-covid-19-nas-escolas-da-rede-municipal\/","title":{"rendered":"Prefeitura inicia vacina\u00e7\u00e3o itinerante contra a covid-19 nas escolas da rede municipal"},"content":{"rendered":"\n<p>Escola Municipal Carlos Demi\u00e1 ser\u00e1 a primeira a receber a mobiliza\u00e7\u00e3o nesta segunda-feira (4)<\/p>\n\n\n\n<p>A partir desta segunda-feira (4) a vacina\u00e7\u00e3o itinerante contra covid-19 chega nas escolas da rede municipal de Petr\u00f3polis. A primeira unidade a receber a equipe de imuniza\u00e7\u00e3o ser\u00e1 a Escola Municipal Carlos Demi\u00e1, no Retiro, onde 440 crian\u00e7as estar\u00e3o iniciando ou completando o esquema vacinal contra covid. Al\u00e9m dos alunos, as doses tamb\u00e9m ser\u00e3o aplicadas nos trabalhadores da unidade, como professores e pessoal de apoio.<\/p>\n\n\n\n<p>&#8220;Pais e respons\u00e1veis j\u00e1 est\u00e3o conscientes que a vacina\u00e7\u00e3o infantil \u00e9 importante, eficaz e segura. O envolvimento de toda a popula\u00e7\u00e3o \u00e9 crucial, pois a imuniza\u00e7\u00e3o contribui para impedir a evolu\u00e7\u00e3o da doen\u00e7a. Alcan\u00e7ando o maior n\u00famero de crian\u00e7as, estamos protegendo todos os petropolitanos&#8221;, disse o prefeito Rubens Bomtempo.<\/p>\n\n\n\n<p>As a\u00e7\u00f5es ser\u00e3o realizadas duas vezes por semana em diferentes unidades de ensino. Ser\u00e3o aplicadas a primeira e a segunda dose para as crian\u00e7as de 5 a 11 anos e primeira, segunda ou primeira dose de refor\u00e7o a partir de 12 anos.<\/p>\n\n\n\n<p>A vacina\u00e7\u00e3o itinerante \u00e9 mais uma a\u00e7\u00e3o de prote\u00e7\u00e3o nas escolas, onde o uso de m\u00e1scaras voltou a ser obrigat\u00f3rio ap\u00f3s delibera\u00e7\u00e3o do Comit\u00ea Cient\u00edfico. &#8220;Percebemos um aumento no n\u00famero de casos nas escolas, principalmente entre os profissionais de Educa\u00e7\u00e3o. Por isso, tamb\u00e9m durante reuni\u00e3o do Comit\u00ea Cient\u00edfico definimos pelas a\u00e7\u00f5es nas unidades de ensino. Realizamos um levantamento e agora vamos iniciar a campanha. Por\u00e9m, \u00e9 fundamental mantermos as medidas sanit\u00e1rias e quem estiver com sintomas gripais, deve usar m\u00e1scaras, inclusive em ambientes externos, manter o distanciamento e se for a ambientes hospitalares, n\u00e3o esquecer de usar o EPI&#8221;, ressaltou o secret\u00e1rio de Sa\u00fade, Marcus Curvelo.<\/p>\n\n\n\n<p>A vacina\u00e7\u00e3o nas escolas est\u00e1 sendo organizada por meio de uma parceria entre a Divis\u00e3o de Imuniza\u00e7\u00e3o com o Programa de Sa\u00fade na Escola (PSE). \u201cPara sairmos da pandemia \u00e9 preciso que tenhamos uma boa cobertura vacinal. Vacinas salvam vidas e por isso \u00e9 importante essa mobiliza\u00e7\u00e3o\u201d, disse a secret\u00e1ria de Educa\u00e7\u00e3o, Adriana de Paula.<\/p>\n\n\n\n<p>Para garantir a imuniza\u00e7\u00e3o \u00e9 necess\u00e1rio apresentar a caderneta de vacina\u00e7\u00e3o, o CPF ou Cart\u00e3o SUS. No caso das crian\u00e7as, elas precisar\u00e3o estar acompanhadas dos respons\u00e1veis ou com termo de autoriza\u00e7\u00e3o assinados. Na Escola Municipal Carlos Demi\u00e1, as vacinas ser\u00e3o aplicadas em dois hor\u00e1rios: \u00e0s 10h e \u00e0s 15h, para alcan\u00e7ar os dois turnos.<\/p>\n","protected":false},"excerpt":{"rendered":"<p>Escola Municipal Carlos Demi\u00e1 ser\u00e1 a primeira a receber a mobiliza\u00e7\u00e3o nesta segunda-feira (4) A<\/p>\n","protected":false},"author":2,"featured_media":39193,"comment_status":"open","ping_status":"open","sticky":false,"template":"","format":"standard","meta":{"footnotes":""},"categories":[12,19,13],"tags":[],"class_list":["post-39192","post","type-post","status-publish","format-standard","has-post-thumbnail","hentry","category-cidade","category-educacao","category-saude"],"_links":{"self":[{"href":"https:\/\/tvc16.com\/portal\/wp-json\/wp\/v2\/posts\/39192","targetHints":{"allow":["GET"]}}],"collection":[{"href":"https:\/\/tvc16.com\/portal\/wp-json\/wp\/v2\/posts"}],"about":[{"href":"https:\/\/tvc16.com\/portal\/wp-json\/wp\/v2\/types\/post"}],"author":[{"embeddable":true,"href":"https:\/\/tvc16.com\/portal\/wp-json\/wp\/v2\/users\/2"}],"replies":[{"embeddable":true,"href":"https:\/\/tvc16.com\/portal\/wp-json\/wp\/v2\/comments?post=39192"}],"version-history":[{"count":1,"href":"https:\/\/tvc16.com\/portal\/wp-json\/wp\/v2\/posts\/39192\/revisions"}],"predecessor-version":[{"id":39194,"href":"https:\/\/tvc16.com\/portal\/wp-json\/wp\/v2\/posts\/39192\/revisions\/39194"}],"wp:featuredmedia":[{"embeddable":true,"href":"https:\/\/tvc16.com\/portal\/wp-json\/wp\/v2\/media\/39193"}],"wp:attachment":[{"href":"https:\/\/tvc16.com\/portal\/wp-json\/wp\/v2\/media?parent=39192"}],"wp:term":[{"taxonomy":"category","embeddable":true,"href":"https:\/\/tvc16.com\/portal\/wp-json\/wp\/v2\/categories?post=39192"},{"taxonomy":"post_tag","embeddable":true,"href":"https:\/\/tvc16.com\/portal\/wp-json\/wp\/v2\/tags?post=39192"}],"curies":[{"name":"wp","href":"https:\/\/api.w.org\/{rel}","templated":true}]}}