{"id":39195,"date":"2022-07-03T11:20:00","date_gmt":"2022-07-03T14:20:00","guid":{"rendered":"https:\/\/tvc16.com\/portal\/?p=39195"},"modified":"2022-07-02T10:55:24","modified_gmt":"2022-07-02T13:55:24","slug":"prefeitura-inicia-castracao-de-12-mil-caes-e-gatos","status":"publish","type":"post","link":"https:\/\/tvc16.com\/portal\/2022\/07\/03\/prefeitura-inicia-castracao-de-12-mil-caes-e-gatos\/","title":{"rendered":"Prefeitura inicia castra\u00e7\u00e3o de 1,2 mil c\u00e3es e gatos"},"content":{"rendered":"\n<p>A Prefeitura, por meio da Coordenadoria de Vigil\u00e2ncia Ambiental da Secretaria de Sa\u00fade, inicia na pr\u00f3xima segunda-feira (04), a castra\u00e7\u00e3o de 1,2 mil c\u00e3es e gatos. As cirurgias ser\u00e3o realizadas por uma empresa contratada que estar\u00e1 em Petr\u00f3polis com um castram\u00f3vel at\u00e9 o dia nove de julho. A a\u00e7\u00e3o vai acontecer no p\u00e1tio da Faeterj, na Avenida Get\u00falio Vargas, no Quitandinha.<\/p>\n\n\n\n<p>As inscri\u00e7\u00f5es foram realizadas pelas agentes comunit\u00e1rias de Sa\u00fade durante as visitas nos im\u00f3veis das respectivas \u00e1reas de abrang\u00eancia e tamb\u00e9m pelas equipes da Coordenadoria de Vigil\u00e2ncia Ambiental. Nesta etapa, ser\u00e3o atendidas as comunidades do Amazonas, S\u00e3o Sebasti\u00e3o, Alto Sim\u00e9ria, Dr. Thouzet, Duques, Vila Sa\u00fade e Sant\u00edssima Trindade.<\/p>\n\n\n\n<p>\u201cEsta era uma a\u00e7\u00e3o muito esperada, porque contribui para a sa\u00fade e bem-estar dos animais. Muitos tutores n\u00e3o tem condi\u00e7\u00f5es financeiras de arcar com as despesas dessa cirurgia que n\u00e3o s\u00f3 previne uma s\u00e9rie de doen\u00e7as, mas tamb\u00e9m contribui para o controle populacional de animais abandonados pela cidade&#8221;, disse o prefeito Rubens Bomtempo.<\/p>\n\n\n\n<p>&#8220;Essa \u00e1rea havia sido atendida pelo projeto h\u00e1 alguns anos e nosso retorno nesse momento era importante. Isso porque, a escolha da regi\u00e3o levou em considera\u00e7\u00e3o o n\u00famero de animais onde os tutores vivem em maior vulnerabilidade social. O levantamento foi realizado por meio das campanhas de vacina\u00e7\u00e3o antirr\u00e1bica animal realizadas no munic\u00edpio&#8221;, explica o secret\u00e1rio de Sa\u00fade Marcus Curvelo.<\/p>\n\n\n\n<p>Uma cota de vagas est\u00e1 sendo destinada a Coordenadoria de Bem Estar Animal (Cobea) para atender as demandas geradas pelas chuvas de 15 de fevereiro e 20 de mar\u00e7o e outra cota atender\u00e1 protetores que trabalham com felinos. O intuito \u00e9 controlar a transmiss\u00e3o de Esporotricose, que \u00e9 uma zoonose de grande import\u00e2ncia.<\/p>\n\n\n\n<p>&#8220;A castra\u00e7\u00e3o \u00e9 a principal solu\u00e7\u00e3o contra o abandono, maus-tratos e o sofrimento dos animais. Castrar o pet al\u00e9m de ser um ato de responsabilidade \u00e9 sobretudo um ato de amor&#8221;, disse a coordenadora de Bem-Estar Animal, Rafaela Buriche.<\/p>\n","protected":false},"excerpt":{"rendered":"<p>A Prefeitura, por meio da Coordenadoria de Vigil\u00e2ncia Ambiental da Secretaria de Sa\u00fade, inicia na<\/p>\n","protected":false},"author":2,"featured_media":39196,"comment_status":"open","ping_status":"open","sticky":false,"template":"","format":"standard","meta":{"footnotes":""},"categories":[12,13],"tags":[],"class_list":["post-39195","post","type-post","status-publish","format-standard","has-post-thumbnail","hentry","category-cidade","category-saude"],"_links":{"self":[{"href":"https:\/\/tvc16.com\/portal\/wp-json\/wp\/v2\/posts\/39195","targetHints":{"allow":["GET"]}}],"collection":[{"href":"https:\/\/tvc16.com\/portal\/wp-json\/wp\/v2\/posts"}],"about":[{"href":"https:\/\/tvc16.com\/portal\/wp-json\/wp\/v2\/types\/post"}],"author":[{"embeddable":true,"href":"https:\/\/tvc16.com\/portal\/wp-json\/wp\/v2\/users\/2"}],"replies":[{"embeddable":true,"href":"https:\/\/tvc16.com\/portal\/wp-json\/wp\/v2\/comments?post=39195"}],"version-history":[{"count":1,"href":"https:\/\/tvc16.com\/portal\/wp-json\/wp\/v2\/posts\/39195\/revisions"}],"predecessor-version":[{"id":39197,"href":"https:\/\/tvc16.com\/portal\/wp-json\/wp\/v2\/posts\/39195\/revisions\/39197"}],"wp:featuredmedia":[{"embeddable":true,"href":"https:\/\/tvc16.com\/portal\/wp-json\/wp\/v2\/media\/39196"}],"wp:attachment":[{"href":"https:\/\/tvc16.com\/portal\/wp-json\/wp\/v2\/media?parent=39195"}],"wp:term":[{"taxonomy":"category","embeddable":true,"href":"https:\/\/tvc16.com\/portal\/wp-json\/wp\/v2\/categories?post=39195"},{"taxonomy":"post_tag","embeddable":true,"href":"https:\/\/tvc16.com\/portal\/wp-json\/wp\/v2\/tags?post=39195"}],"curies":[{"name":"wp","href":"https:\/\/api.w.org\/{rel}","templated":true}]}}