{"id":39198,"date":"2022-07-02T11:03:03","date_gmt":"2022-07-02T14:03:03","guid":{"rendered":"https:\/\/tvc16.com\/portal\/?p=39198"},"modified":"2022-07-02T11:03:04","modified_gmt":"2022-07-02T14:03:04","slug":"boletim-de-transito-sobre-as-condicoes-das-vias-em-petropolis","status":"publish","type":"post","link":"https:\/\/tvc16.com\/portal\/2022\/07\/02\/boletim-de-transito-sobre-as-condicoes-das-vias-em-petropolis\/","title":{"rendered":"Boletim de tr\u00e2nsito sobre as condi\u00e7\u00f5es das vias em Petr\u00f3polis"},"content":{"rendered":"\n<p>VIAS INTERDITADAS<\/p>\n\n\n\n<p>Castel\u00e2nea<\/p>\n\n\n\n<ul class=\"wp-block-list\"><li>Rua Conde D&#8217;Eu (interditada para obras na via)<\/li><\/ul>\n\n\n\n<p>Quissam\u00e3<\/p>\n\n\n\n<ul class=\"wp-block-list\"><li>Rua Francisco Scali<\/li><\/ul>\n\n\n\n<p>Cascatinha<\/p>\n\n\n\n<ul class=\"wp-block-list\"><li>Rua Oliveira Bulh\u00f5es<\/li><\/ul>\n\n\n\n<p>VIAS INTERDITADAS COM TR\u00c2NSITO EM MEIA PISTA, LIVRES PARA VE\u00cdCULOS LEVES E PARA OS MORADORES<\/p>\n\n\n\n<p>Centro<\/p>\n\n\n\n<ul class=\"wp-block-list\"><li>Rua Bar\u00e3o de \u00c1guas Claras<\/li><\/ul>\n\n\n\n<p>Sim\u00e9ria<\/p>\n\n\n\n<ul class=\"wp-block-list\"><li>Rua Manoel Francisco de Paula<\/li><li>Rua Infante Dom Henrique (Sim\u00e9ria X Cremerie)<\/li><\/ul>\n\n\n\n<p>Valpara\u00edso<\/p>\n\n\n\n<ul class=\"wp-block-list\"><li>Avenida Portugal (Batata Frita) liberada das 17h \u00e0s 20h a ve\u00edculos leves, sentido bairro<\/li><li>Rua Fabr\u00edcio de Matos com acesso somente a moradores e motocicletas para obras na via<\/li><li>Rua Padre Moreira (apenas ve\u00edculos leves)<\/li><\/ul>\n\n\n\n<p>Independ\u00eancia<\/p>\n\n\n\n<p>Rua Padre Jos\u00e9 Maur\u00edcio (Bairro Mau\u00e1, em meia pista)<\/p>\n","protected":false},"excerpt":{"rendered":"<p>VIAS INTERDITADAS Castel\u00e2nea Rua Conde D&#8217;Eu (interditada para obras na via) Quissam\u00e3 Rua Francisco Scali<\/p>\n","protected":false},"author":2,"featured_media":32132,"comment_status":"open","ping_status":"open","sticky":true,"template":"","format":"standard","meta":{"footnotes":""},"categories":[12],"tags":[],"class_list":["post-39198","post","type-post","status-publish","format-standard","has-post-thumbnail","hentry","category-cidade"],"_links":{"self":[{"href":"https:\/\/tvc16.com\/portal\/wp-json\/wp\/v2\/posts\/39198","targetHints":{"allow":["GET"]}}],"collection":[{"href":"https:\/\/tvc16.com\/portal\/wp-json\/wp\/v2\/posts"}],"about":[{"href":"https:\/\/tvc16.com\/portal\/wp-json\/wp\/v2\/types\/post"}],"author":[{"embeddable":true,"href":"https:\/\/tvc16.com\/portal\/wp-json\/wp\/v2\/users\/2"}],"replies":[{"embeddable":true,"href":"https:\/\/tvc16.com\/portal\/wp-json\/wp\/v2\/comments?post=39198"}],"version-history":[{"count":1,"href":"https:\/\/tvc16.com\/portal\/wp-json\/wp\/v2\/posts\/39198\/revisions"}],"predecessor-version":[{"id":39199,"href":"https:\/\/tvc16.com\/portal\/wp-json\/wp\/v2\/posts\/39198\/revisions\/39199"}],"wp:featuredmedia":[{"embeddable":true,"href":"https:\/\/tvc16.com\/portal\/wp-json\/wp\/v2\/media\/32132"}],"wp:attachment":[{"href":"https:\/\/tvc16.com\/portal\/wp-json\/wp\/v2\/media?parent=39198"}],"wp:term":[{"taxonomy":"category","embeddable":true,"href":"https:\/\/tvc16.com\/portal\/wp-json\/wp\/v2\/categories?post=39198"},{"taxonomy":"post_tag","embeddable":true,"href":"https:\/\/tvc16.com\/portal\/wp-json\/wp\/v2\/tags?post=39198"}],"curies":[{"name":"wp","href":"https:\/\/api.w.org\/{rel}","templated":true}]}}