{"id":3920,"date":"2020-10-26T15:04:56","date_gmt":"2020-10-26T15:04:56","guid":{"rendered":"https:\/\/tvc16.com\/portal\/?p=3920"},"modified":"2020-10-26T15:04:56","modified_gmt":"2020-10-26T15:04:56","slug":"comeca-quarta-chamada-do-programa-mais-medicos","status":"publish","type":"post","link":"https:\/\/tvc16.com\/portal\/2020\/10\/26\/comeca-quarta-chamada-do-programa-mais-medicos\/","title":{"rendered":"Come\u00e7a quarta chamada do programa Mais M\u00e9dicos"},"content":{"rendered":"\n<p>Gestores de sa\u00fade t\u00eam at\u00e9 quarta-feira para renovar termos e confirmar as vagas dispon\u00edveis em seus munic\u00edpios<\/p>\n\n\n\n<p>Come\u00e7ou a quarta chamada do programa Mais M\u00e9dicos. Na \u00faltima sexta-feira (23), o Minist\u00e9rio da Sa\u00fade publicou a <a href=\"http:\/\/maismedicos.gov.br\/images\/relacao_de_municipios_elegiveis_4chamada_23_10_2020.pdf\">lista dos munic\u00edpios eleg\u00edveis<\/a> para receberem os profissionais aptos \u00e0 reincorpora\u00e7\u00e3o ao programa.&nbsp;<\/p>\n\n\n\n<p>At\u00e9 a pr\u00f3xima quarta-feira (28), os gestores municipais devem acessar o <a href=\"https:\/\/maismedicos.saude.gov.br\/loginExt.php\">Sistema de Gerenciamento de Programas <\/a>para renovar os Termos de Renova\u00e7\u00e3o e Ades\u00e3o, confirmando as vagas dispon\u00edveis para as suas cidades. No dia 29, o Minist\u00e9rio da Sa\u00fade vai divulgar a lista dos munic\u00edpios com vagas dispon\u00edveis para escolha dos profissionais. O cronograma \u00e9 de que os m\u00e9dicos comecem a trabalhar a partir de 13 de novembro.&nbsp;<\/p>\n\n\n\n<p><strong><a href=\"https:\/\/brasil61.com\/noticias\/pesquisa-aponta-que-pais-gasta-r-1-398-53-em-despesas-relacionadas-a-saude-publica-por-habitante-bras202325\">Pesquisa aponta que pa\u00eds gasta R$ 1.398,53 em despesas relacionadas \u00e0 sa\u00fade p\u00fablica por habitante<\/a><\/strong><\/p>\n\n\n\n<p><strong><a href=\"https:\/\/brasil61.com\/admin\/main_contents\/comeca-quarta-chamada-do-programa-mais-medicos-bras202350\/web_texts\/44646\/edit\">COVID-19: Centros Imunol\u00f3gicos recebem incentivo de R$ 113 milh\u00f5es<\/a><\/strong><\/p>\n\n\n\n<p><strong><a href=\"https:\/\/brasil61.com\/noticias\/municipios-estao-se-recusando-a-testar-populacao-contra-a-covid-19-com-medo-do-impacto-eleitoral-diz-secretario-de-saude-da-bahia-bras202293\">\u201cMunic\u00edpios est\u00e3o se recusando a testar popula\u00e7\u00e3o contra a Covid-19 com medo do impacto eleitoral\u201d, diz secret\u00e1rio de Sa\u00fade da Bahia<\/a><\/strong><\/p>\n\n\n\n<p>O programa Mais M\u00e9dicos visa fortalecer a sa\u00fade b\u00e1sica, presente em todos os munic\u00edpios do pa\u00eds e mais pr\u00f3xima das comunidades locais. De acordo com o Minist\u00e9rio da Sa\u00fade, 80% dos problemas de sa\u00fade s\u00e3o resolvidos ainda neste n\u00edvel de aten\u00e7\u00e3o.&nbsp;<\/p>\n\n\n\n<p>Mais de 16 mil profissionais j\u00e1 atuam em 3.822 munic\u00edpios e Distritos Sanit\u00e1rios Especiais Ind\u00edgenas (DSEI), refor\u00e7ando o combate \u00e0 pandemia da Covid-19 na Aten\u00e7\u00e3o B\u00e1sica do SUS (Sistema \u00danico de Sa\u00fade).&nbsp;<\/p>\n\n\n\n<p>Fonte: <a href=\"https:\/\/brasil61.com\/noticias\/comeca-quarta-chamada-do-programa-mais-medicos-bras202350?email=bethdeoliveira@yahoo.com.br&amp;utm_source=newsletter&amp;utm_medium=newsletter&amp;utm_campaign=newsletter\" target=\"_blank\" rel=\"noreferrer noopener\">Brasil 61<\/a><\/p>\n","protected":false},"excerpt":{"rendered":"<p>Gestores de sa\u00fade t\u00eam at\u00e9 quarta-feira para renovar termos e confirmar as vagas dispon\u00edveis em<\/p>\n","protected":false},"author":2,"featured_media":3921,"comment_status":"open","ping_status":"open","sticky":false,"template":"","format":"standard","meta":{"footnotes":""},"categories":[13],"tags":[],"class_list":["post-3920","post","type-post","status-publish","format-standard","has-post-thumbnail","hentry","category-saude"],"_links":{"self":[{"href":"https:\/\/tvc16.com\/portal\/wp-json\/wp\/v2\/posts\/3920","targetHints":{"allow":["GET"]}}],"collection":[{"href":"https:\/\/tvc16.com\/portal\/wp-json\/wp\/v2\/posts"}],"about":[{"href":"https:\/\/tvc16.com\/portal\/wp-json\/wp\/v2\/types\/post"}],"author":[{"embeddable":true,"href":"https:\/\/tvc16.com\/portal\/wp-json\/wp\/v2\/users\/2"}],"replies":[{"embeddable":true,"href":"https:\/\/tvc16.com\/portal\/wp-json\/wp\/v2\/comments?post=3920"}],"version-history":[{"count":1,"href":"https:\/\/tvc16.com\/portal\/wp-json\/wp\/v2\/posts\/3920\/revisions"}],"predecessor-version":[{"id":3922,"href":"https:\/\/tvc16.com\/portal\/wp-json\/wp\/v2\/posts\/3920\/revisions\/3922"}],"wp:featuredmedia":[{"embeddable":true,"href":"https:\/\/tvc16.com\/portal\/wp-json\/wp\/v2\/media\/3921"}],"wp:attachment":[{"href":"https:\/\/tvc16.com\/portal\/wp-json\/wp\/v2\/media?parent=3920"}],"wp:term":[{"taxonomy":"category","embeddable":true,"href":"https:\/\/tvc16.com\/portal\/wp-json\/wp\/v2\/categories?post=3920"},{"taxonomy":"post_tag","embeddable":true,"href":"https:\/\/tvc16.com\/portal\/wp-json\/wp\/v2\/tags?post=3920"}],"curies":[{"name":"wp","href":"https:\/\/api.w.org\/{rel}","templated":true}]}}