{"id":39216,"date":"2022-07-03T10:30:00","date_gmt":"2022-07-03T13:30:00","guid":{"rendered":"https:\/\/tvc16.com\/portal\/?p=39216"},"modified":"2022-07-03T10:00:32","modified_gmt":"2022-07-03T13:00:32","slug":"corpo-de-bombeiros-rj-comemora-166-anos-neste-sabado-02-07-com-formatura-de-militares-temporarios","status":"publish","type":"post","link":"https:\/\/tvc16.com\/portal\/2022\/07\/03\/corpo-de-bombeiros-rj-comemora-166-anos-neste-sabado-02-07-com-formatura-de-militares-temporarios\/","title":{"rendered":"Corpo de Bombeiros RJ comemora 166 anos, neste s\u00e1bado (02.07), com formatura de militares tempor\u00e1rios"},"content":{"rendered":"\n<p><em>Cerim\u00f4nia aconteceu no Quartel Central e celebra tamb\u00e9m o Dia Nacional do Bombeiro<\/em><\/p>\n\n\n\n<p>O Corpo de Bombeiros Militar do Estado do Rio de Janeiro (CBMERJ) completa 166 anos neste s\u00e1bado (02.07), mesma data em que se comemora o Dia Nacional do Bombeiro. A cerim\u00f4nia, realizada no Quartel Central, contou com a formatura de oficiais e pra\u00e7as tempor\u00e1rios. Houve, tamb\u00e9m, apresenta\u00e7\u00f5es musicais da Banda Sinf\u00f4nica da corpora\u00e7\u00e3o e simulado de salvamentos.<\/p>\n\n\n\n<figure class=\"wp-block-image size-large\"><img loading=\"lazy\" decoding=\"async\" width=\"1024\" height=\"682\" src=\"https:\/\/tvc16.com\/portal\/wp-content\/uploads\/2022\/07\/WhatsApp-Image-2022-07-03-at-09.57.57-2-1024x682.jpeg\" alt=\"\" class=\"wp-image-39221\" srcset=\"https:\/\/tvc16.com\/portal\/wp-content\/uploads\/2022\/07\/WhatsApp-Image-2022-07-03-at-09.57.57-2-1024x682.jpeg 1024w, https:\/\/tvc16.com\/portal\/wp-content\/uploads\/2022\/07\/WhatsApp-Image-2022-07-03-at-09.57.57-2-300x200.jpeg 300w, https:\/\/tvc16.com\/portal\/wp-content\/uploads\/2022\/07\/WhatsApp-Image-2022-07-03-at-09.57.57-2-768x512.jpeg 768w, https:\/\/tvc16.com\/portal\/wp-content\/uploads\/2022\/07\/WhatsApp-Image-2022-07-03-at-09.57.57-2-900x600.jpeg 900w, https:\/\/tvc16.com\/portal\/wp-content\/uploads\/2022\/07\/WhatsApp-Image-2022-07-03-at-09.57.57-2.jpeg 1280w\" sizes=\"auto, (max-width: 1024px) 100vw, 1024px\" \/><\/figure>\n\n\n\n<p>&#8211; O Corpo de Bombeiros \u00e9 o exemplo maior de dedica\u00e7\u00e3o que algu\u00e9m pode ter na tarefa de proteger, resgatar e salvar a vida de outras pessoas. Eu n\u00e3o consigo imaginar nada mais nobre, humano e valoroso do que isso. &#8211; disse o governador Cl\u00e1udio Castro.<\/p>\n\n\n\n<figure class=\"wp-block-image size-large\"><img loading=\"lazy\" decoding=\"async\" width=\"1024\" height=\"682\" src=\"https:\/\/tvc16.com\/portal\/wp-content\/uploads\/2022\/07\/WhatsApp-Image-2022-07-03-at-09.57.57-1-1024x682.jpeg\" alt=\"\" class=\"wp-image-39222\" srcset=\"https:\/\/tvc16.com\/portal\/wp-content\/uploads\/2022\/07\/WhatsApp-Image-2022-07-03-at-09.57.57-1-1024x682.jpeg 1024w, https:\/\/tvc16.com\/portal\/wp-content\/uploads\/2022\/07\/WhatsApp-Image-2022-07-03-at-09.57.57-1-300x200.jpeg 300w, https:\/\/tvc16.com\/portal\/wp-content\/uploads\/2022\/07\/WhatsApp-Image-2022-07-03-at-09.57.57-1-768x512.jpeg 768w, https:\/\/tvc16.com\/portal\/wp-content\/uploads\/2022\/07\/WhatsApp-Image-2022-07-03-at-09.57.57-1-900x600.jpeg 900w, https:\/\/tvc16.com\/portal\/wp-content\/uploads\/2022\/07\/WhatsApp-Image-2022-07-03-at-09.57.57-1.jpeg 1280w\" sizes=\"auto, (max-width: 1024px) 100vw, 1024px\" \/><\/figure>\n\n\n\n<p><br>Este ano, a formatura da primeira turma de militares tempor\u00e1rios foi o destaque nas comemora\u00e7\u00f5es. Mais de 1.200 jovens estar\u00e3o aptos a compor as fileiras da institui\u00e7\u00e3o em todo estado como combatentes, socorristas, motoristas, guarda-vidas e oficiais tempor\u00e1rios da \u00e1rea da Sa\u00fade.<\/p>\n\n\n\n<p>&#8211; Agora se inicia um novo ciclo de aprendizado t\u00e9cnico di\u00e1rio, de desenvolvimento do preparo f\u00edsico e de fortalecimento dos valores \u00e9ticos e morais. Ao serem integrados \u00e0 fam\u00edlia bombeiro militar, virtudes como a disciplina, o respeito \u00e0 hierarquia, a probidade, a lealdade, a coragem, a abnega\u00e7\u00e3o e a solidariedade nunca mais deixar\u00e3o de pautar suas atitudes e comportamentos &#8211; disse o secret\u00e1rio de Defesa Civil e comandante-geral do Corpo de Bombeiros do Rio de Janeiro, Leandro Monteiro.<\/p>\n\n\n\n<p>Como \u00e9 tradi\u00e7\u00e3o na solenidade do dia 2 de julho, a tropa realiza uma demonstra\u00e7\u00e3o t\u00e9cnico-profissional com exerc\u00edcios que fazem parte da rotina di\u00e1ria dos militares. S\u00e3o apresentadas atividades como rapel, plano inclinado, escalada da torre, descida invertida, atividades subaqu\u00e1ticas no tanque em chamas, simulado de combate a inc\u00eandio e de atendimentos pr\u00e9-hospitalares com motos e ambul\u00e2ncias.<\/p>\n\n\n\n<p><strong>Lan\u00e7amento do Anu\u00e1rio<\/strong><\/p>\n\n\n\n<p>O Anu\u00e1rio CBMERJ \u00e9 tradicionalmente lan\u00e7ado nesta \u00e9poca de festividades. O conte\u00fado apresenta o balan\u00e7o dos servi\u00e7os prestados pelo Corpo de Bombeiros. Registra socorros realizados, n\u00fameros relacionados ao efetivo e materiais empregados no dia a dia da institui\u00e7\u00e3o. Na publica\u00e7\u00e3o tamb\u00e9m constam dados sobre a \u00e1rea t\u00e9cnica, o sistema de ensino e as atividades culturais. \u00c9 um documento que mostra o comprometimento da corpora\u00e7\u00e3o com a sociedade.<\/p>\n\n\n\n<p>Nesta edi\u00e7\u00e3o, dados que se destacam mostram que o CBMERJ atuou na opera\u00e7\u00e3o de apoio \u00e0 vacina\u00e7\u00e3o contra a Covid-19, aplicando mais de 193 mil doses ao p\u00fablico externo. Tamb\u00e9m foram registrados em foco, dados como mais de 11 mil salvamentos mar\u00edtimos; mais de 5 milh\u00f5es de quil\u00f4metros percorridos pelas viaturas da corpora\u00e7\u00e3o; mais de 800 horas no ar em voos operacionais, entre outros.<\/p>\n\n\n\n<p><strong>Exposi\u00e7\u00e3o Virtual de Fotografias<\/strong><\/p>\n\n\n\n<p>O dia 2 de julho marca tamb\u00e9m a divulga\u00e7\u00e3o dos vencedores do 3\u00ba Festival de Fotografias do CBMERJ. O concurso selecionou 30 imagens que retratam a hist\u00f3ria e as atividades da institui\u00e7\u00e3o centen\u00e1ria, ressaltando seus valores e tradi\u00e7\u00f5es. A exposi\u00e7\u00e3o virtual estar\u00e1 dispon\u00edvel no site da corpora\u00e7\u00e3o:&nbsp;<a href=\"http:\/\/cbmerj.rj.gov.br\/\" target=\"_blank\" rel=\"noreferrer noopener\">http:\/\/cbmerj.rj.gov.br<\/a><\/p>\n","protected":false},"excerpt":{"rendered":"<p>Cerim\u00f4nia aconteceu no Quartel Central e celebra tamb\u00e9m o Dia Nacional do Bombeiro O Corpo<\/p>\n","protected":false},"author":2,"featured_media":39220,"comment_status":"open","ping_status":"open","sticky":false,"template":"","format":"standard","meta":{"footnotes":""},"categories":[264,17,15],"tags":[],"class_list":["post-39216","post","type-post","status-publish","format-standard","has-post-thumbnail","hentry","category-destaque","category-outras-noticias","category-politica"],"_links":{"self":[{"href":"https:\/\/tvc16.com\/portal\/wp-json\/wp\/v2\/posts\/39216","targetHints":{"allow":["GET"]}}],"collection":[{"href":"https:\/\/tvc16.com\/portal\/wp-json\/wp\/v2\/posts"}],"about":[{"href":"https:\/\/tvc16.com\/portal\/wp-json\/wp\/v2\/types\/post"}],"author":[{"embeddable":true,"href":"https:\/\/tvc16.com\/portal\/wp-json\/wp\/v2\/users\/2"}],"replies":[{"embeddable":true,"href":"https:\/\/tvc16.com\/portal\/wp-json\/wp\/v2\/comments?post=39216"}],"version-history":[{"count":1,"href":"https:\/\/tvc16.com\/portal\/wp-json\/wp\/v2\/posts\/39216\/revisions"}],"predecessor-version":[{"id":39223,"href":"https:\/\/tvc16.com\/portal\/wp-json\/wp\/v2\/posts\/39216\/revisions\/39223"}],"wp:featuredmedia":[{"embeddable":true,"href":"https:\/\/tvc16.com\/portal\/wp-json\/wp\/v2\/media\/39220"}],"wp:attachment":[{"href":"https:\/\/tvc16.com\/portal\/wp-json\/wp\/v2\/media?parent=39216"}],"wp:term":[{"taxonomy":"category","embeddable":true,"href":"https:\/\/tvc16.com\/portal\/wp-json\/wp\/v2\/categories?post=39216"},{"taxonomy":"post_tag","embeddable":true,"href":"https:\/\/tvc16.com\/portal\/wp-json\/wp\/v2\/tags?post=39216"}],"curies":[{"name":"wp","href":"https:\/\/api.w.org\/{rel}","templated":true}]}}