{"id":39224,"date":"2022-07-03T11:30:00","date_gmt":"2022-07-03T14:30:00","guid":{"rendered":"https:\/\/tvc16.com\/portal\/?p=39224"},"modified":"2022-07-03T10:05:44","modified_gmt":"2022-07-03T13:05:44","slug":"entra-em-vigor-portaria-que-reconhece-adocao-das-boas-praticas-agricolas","status":"publish","type":"post","link":"https:\/\/tvc16.com\/portal\/2022\/07\/03\/entra-em-vigor-portaria-que-reconhece-adocao-das-boas-praticas-agricolas\/","title":{"rendered":"Entra em vigor portaria que reconhece ado\u00e7\u00e3o das boas pr\u00e1ticas agr\u00edcolas"},"content":{"rendered":"\n<p>O m\u00eas de julho come\u00e7ou com uma novidade para o setor agr\u00edcola. Desde esta sexta-feira (1\u00b0) est\u00e1 em vigor a Portaria n\u00ba 448. Entre os pontos, a medida estabelece o procedimento para a submiss\u00e3o da documenta\u00e7\u00e3o necess\u00e1ria ao reconhecimento de programas voltados \u00e0 promo\u00e7\u00e3o de boas pr\u00e1ticas agr\u00edcolas.<\/p>\n\n\n\n<p>De acordo com o Minist\u00e9rio da Agricultura, Pecu\u00e1ria e Abastecimento <a href=\"https:\/\/www.gov.br\/agricultura\/pt-br\">(MAPA)<\/a>, o documento tamb\u00e9m regulamenta a Portaria n\u00b0 337, publicada em 2021, que prev\u00ea requisitos m\u00ednimos e reconhece programas de promo\u00e7\u00e3o de boas pr\u00e1ticas agr\u00edcolas no Brasil.&nbsp;<\/p>\n\n\n\n<p>Segundo o coordenador-geral de Sistemas Integrados de Produ\u00e7\u00e3o Agr\u00edcola do MAPA, Marcus Vin\u00edcius de Miranda, o intuito da portaria \u00e9 estimular a produ\u00e7\u00e3o de alimentos seguros e de qualidade. Al\u00e9m disso, a ideia \u00e9 desempenhar iniciativas que visam melhorar a qualidade e estimular pr\u00e1ticas sustent\u00e1veis de produ\u00e7\u00e3o agr\u00edcola.&nbsp;<\/p>\n\n\n\n<p>\u201cO Minist\u00e9rio basicamente elaborou o que entendemos como requisitos m\u00ednimos necess\u00e1rios para ser considerado boas pr\u00e1ticas agr\u00edcolas. Na Portaria 337 de 2021, n\u00f3s elaboramos o que seriam esses requisitos m\u00ednimos. Na portaria mais recente, que entrou em vigor em julho, est\u00e3o citados os crit\u00e9rios para as entidades enviarem seus projetos de boas pr\u00e1ticas agr\u00edcolas para ter reconhecimento do MAPA\u201d, explica.&nbsp;<\/p>\n\n\n\n<h2 class=\"wp-block-heading\">Reconhecimento de boas pr\u00e1ticas agr\u00edcolas&nbsp;<\/h2>\n\n\n\n<p>Para que os entes p\u00fablicos e privados interessados tenham o programa de boas pr\u00e1ticas reconhecido e chancelado pelo Minist\u00e9rio, \u00e9 preciso que protocolem o Termo de Declara\u00e7\u00e3o junto \u00e0 Pasta.&nbsp;<\/p>\n\n\n\n<p>Vale destacar que a ades\u00e3o ao programa n\u00e3o \u00e9 obrigat\u00f3ria e os interessados devem fazer uma autodeclara\u00e7\u00e3o alegando que est\u00e3o adequados segundo a Portaria 337. Miranda explica que, ap\u00f3s o envio, a documenta\u00e7\u00e3o ser\u00e1 analisada pela Secretaria de Inova\u00e7\u00e3o, Desenvolvimento Sustent\u00e1vel e Irriga\u00e7\u00e3o (SDI\/Mapa).<\/p>\n\n\n\n<p>\u201cJ\u00e1 tem um modelo pronto na portaria de um termo de declara\u00e7\u00e3o. Ou seja, a pr\u00f3pria entidade assume que adota boas pr\u00e1ticas agr\u00edcolas. O programa n\u00e3o \u00e9 voltado para o produtor individualmente, e sim para uma entidade, empresa ou associa\u00e7\u00e3o que quer ter o reconhecimento do seu programa para ado\u00e7\u00e3o dessas boas pr\u00e1ticas\u201d, destaca Marcus Vin\u00edcius.<\/p>\n\n\n\n<h2 class=\"wp-block-heading\">O que s\u00e3o as boas pr\u00e1ticas agr\u00edcolas?<\/h2>\n\n\n\n<p>De acordo com o MAPA, as boas pr\u00e1ticas agr\u00edcolas s\u00e3o representadas por um grupo de \u201cnormas, \u00a0princ\u00edpios e recomenda\u00e7\u00f5es t\u00e9cnicas aplicadas nas etapas de produ\u00e7\u00e3o, processamento e transporte de produtos vegetais aliment\u00edcios e n\u00e3o aliment\u00edcios, orientadas a promover a oferta de alimento seguro, de forma a cuidar da sa\u00fade humana, proteger o meio ambiente e melhorar as condi\u00e7\u00f5es dos trabalhadores rurais e sua fam\u00edlia.\u201d<\/p>\n\n\n\n<p>Entre os requisitos m\u00ednimos est\u00e3o o planejamento e a gest\u00e3o do estabelecimento rural; o cumprimento da legisla\u00e7\u00e3o ambiental e trabalhista vigente; a organiza\u00e7\u00e3o e a higiene no estabelecimento rural; a nutri\u00e7\u00e3o de plantas; a fertilidade e a conserva\u00e7\u00e3o do solo; o uso correto de insumos; o uso racional e a qualidade da \u00e1gua; a rastreabilidade do processo produtivo com registros e controles da produ\u00e7\u00e3o e o manejo integrado de pragas.\u00a0<\/p>\n\n\n\n<p>Reportagem Marquezan Ara\u00fajo<\/p>\n","protected":false},"excerpt":{"rendered":"<p>O m\u00eas de julho come\u00e7ou com uma novidade para o setor agr\u00edcola. Desde esta sexta-feira<\/p>\n","protected":false},"author":2,"featured_media":39225,"comment_status":"open","ping_status":"open","sticky":false,"template":"","format":"standard","meta":{"footnotes":""},"categories":[18,17,14,15],"tags":[],"class_list":["post-39224","post","type-post","status-publish","format-standard","has-post-thumbnail","hentry","category-economia","category-outras-noticias","category-pais","category-politica"],"_links":{"self":[{"href":"https:\/\/tvc16.com\/portal\/wp-json\/wp\/v2\/posts\/39224","targetHints":{"allow":["GET"]}}],"collection":[{"href":"https:\/\/tvc16.com\/portal\/wp-json\/wp\/v2\/posts"}],"about":[{"href":"https:\/\/tvc16.com\/portal\/wp-json\/wp\/v2\/types\/post"}],"author":[{"embeddable":true,"href":"https:\/\/tvc16.com\/portal\/wp-json\/wp\/v2\/users\/2"}],"replies":[{"embeddable":true,"href":"https:\/\/tvc16.com\/portal\/wp-json\/wp\/v2\/comments?post=39224"}],"version-history":[{"count":1,"href":"https:\/\/tvc16.com\/portal\/wp-json\/wp\/v2\/posts\/39224\/revisions"}],"predecessor-version":[{"id":39226,"href":"https:\/\/tvc16.com\/portal\/wp-json\/wp\/v2\/posts\/39224\/revisions\/39226"}],"wp:featuredmedia":[{"embeddable":true,"href":"https:\/\/tvc16.com\/portal\/wp-json\/wp\/v2\/media\/39225"}],"wp:attachment":[{"href":"https:\/\/tvc16.com\/portal\/wp-json\/wp\/v2\/media?parent=39224"}],"wp:term":[{"taxonomy":"category","embeddable":true,"href":"https:\/\/tvc16.com\/portal\/wp-json\/wp\/v2\/categories?post=39224"},{"taxonomy":"post_tag","embeddable":true,"href":"https:\/\/tvc16.com\/portal\/wp-json\/wp\/v2\/tags?post=39224"}],"curies":[{"name":"wp","href":"https:\/\/api.w.org\/{rel}","templated":true}]}}