{"id":39227,"date":"2022-07-03T13:30:00","date_gmt":"2022-07-03T16:30:00","guid":{"rendered":"https:\/\/tvc16.com\/portal\/?p=39227"},"modified":"2022-07-03T10:10:26","modified_gmt":"2022-07-03T13:10:26","slug":"deficit-na-balanca-comercial-de-produtos-quimicos-atingiu-us-235-bilhoes-em-cinco-meses","status":"publish","type":"post","link":"https:\/\/tvc16.com\/portal\/2022\/07\/03\/deficit-na-balanca-comercial-de-produtos-quimicos-atingiu-us-235-bilhoes-em-cinco-meses\/","title":{"rendered":"D\u00e9ficit na balan\u00e7a comercial de produtos qu\u00edmicos atingiu US$ 23,5 bilh\u00f5es em cinco meses"},"content":{"rendered":"\n<p>Dados divulgados pela Associa\u00e7\u00e3o Brasileira da Ind\u00fastria Qu\u00edmica &#8211; Abiquim &#8211; revelam que o d\u00e9ficit na balan\u00e7a comercial de produtos qu\u00edmicos atingiu US$ 23,5 bilh\u00f5es no acumulado de janeiro a maio deste ano. O total \u00e9 59,4% superior ao registrado no mesmo per\u00edodo de 2021.\u00a0<\/p>\n\n\n\n<p>O diretor de Rela\u00e7\u00f5es Institucionais da Abiquim, Andr\u00e9 Passos, explica que os resultados do balan\u00e7o mostram que houve ainda um saldo negativo in\u00e9dito de US$ 55 bilh\u00f5es nos \u00faltimos 12 meses, entre junho de 2021 e maio de 2022.&nbsp;<\/p>\n\n\n\n<p>\u201cIsso \u00e9 motivo de preocupa\u00e7\u00e3o, porque significa que uma parte cada vez maior da nossa balan\u00e7a comercial \u00e9 ocupada por importa\u00e7\u00e3o de manufaturados, em especial qu\u00edmicos. Com isso, uma parcela cada vez maior do que temos de ganho de exporta\u00e7\u00e3o est\u00e1 sendo tomada por isso. Precisamos tomar medidas urgentes. Precisamos aumentar a capacidade produtiva no Brasil. O pa\u00eds praticamente abandonou, nas \u00faltimas d\u00e9cadas, qualquer pol\u00edtica industrial. Isso teve repercuss\u00e3o no volume de investimento na ind\u00fastria qu\u00edmica\u201d, destaca.&nbsp;<\/p>\n\n\n\n<p>O d\u00e9ficit anual resulta das importa\u00e7\u00f5es de US$ 71,4 bilh\u00f5es e das exporta\u00e7\u00f5es de US$ 16,4 bilh\u00f5es, em produtos qu\u00edmicos. Esses valores correspondem a aumentos de 17,5% e de 13,4%, respectivamente, na compara\u00e7\u00e3o com os dados consolidados do ano passado.<\/p>\n\n\n\n<h2 class=\"wp-block-heading\">Importa\u00e7\u00f5es e exporta\u00e7\u00f5es<\/h2>\n\n\n\n<p>Ainda de acordo com a Abiquim, nos primeiros cinco meses de 2022, os produtos para o agroneg\u00f3cio e os produtos farmac\u00eauticos foram os principais grupos da pauta de importa\u00e7\u00e3o brasileira de produtos qu\u00edmicos. Esses grupos representaram praticamente 2\/3 do total de US$ 30,6 bilh\u00f5es importados pelo pa\u00eds no per\u00edodo.<\/p>\n\n\n\n<p>\u201cModernamente, n\u00e3o se trabalha mais somente com a ideia de competitividade. Os pa\u00edses trabalham cada vez mais com a ideia de essencialidade, de setores estrat\u00e9gicos, que garantam seguran\u00e7a na cadeia de suprimentos. Se em algum momento faltar determinado produto, significa que aquele ponto na cadeia, que comparativamente a outras na\u00e7\u00f5es \u00e9 mais competitivo, ele desaparece\u201d, considera Passos.&nbsp;<\/p>\n\n\n\n<p>No caso das exporta\u00e7\u00f5es, o grupo de produtos inorg\u00e2nicos diversos (especialmente alumina calcinada) foi o que contou com maiores vendas para fora do Brasil, de US$ 2,3 bilh\u00f5es, ou seja, um salto de 35% na compara\u00e7\u00e3o com o mesmo per\u00edodo do ano anterior.&nbsp;<\/p>\n\n\n\n<p>No que diz respeito \u00e0s quantidades f\u00edsicas, as aquisi\u00e7\u00f5es de produtos qu\u00edmicos movimentaram um volume recorde de 22,9 milh\u00f5es de toneladas. O valor corresponde a um aumento de 6,5%, mesmo diante de um contexto pand\u00eamico e de guerra entre R\u00fassia e Ucr\u00e2nia.&nbsp;<\/p>\n\n\n\n<p>Reportagem Marquezan Ara\u00fajo<\/p>\n","protected":false},"excerpt":{"rendered":"<p>Dados divulgados pela Associa\u00e7\u00e3o Brasileira da Ind\u00fastria Qu\u00edmica &#8211; Abiquim &#8211; revelam que o d\u00e9ficit<\/p>\n","protected":false},"author":2,"featured_media":39228,"comment_status":"open","ping_status":"open","sticky":false,"template":"","format":"standard","meta":{"footnotes":""},"categories":[18,17,14,15],"tags":[],"class_list":["post-39227","post","type-post","status-publish","format-standard","has-post-thumbnail","hentry","category-economia","category-outras-noticias","category-pais","category-politica"],"_links":{"self":[{"href":"https:\/\/tvc16.com\/portal\/wp-json\/wp\/v2\/posts\/39227","targetHints":{"allow":["GET"]}}],"collection":[{"href":"https:\/\/tvc16.com\/portal\/wp-json\/wp\/v2\/posts"}],"about":[{"href":"https:\/\/tvc16.com\/portal\/wp-json\/wp\/v2\/types\/post"}],"author":[{"embeddable":true,"href":"https:\/\/tvc16.com\/portal\/wp-json\/wp\/v2\/users\/2"}],"replies":[{"embeddable":true,"href":"https:\/\/tvc16.com\/portal\/wp-json\/wp\/v2\/comments?post=39227"}],"version-history":[{"count":1,"href":"https:\/\/tvc16.com\/portal\/wp-json\/wp\/v2\/posts\/39227\/revisions"}],"predecessor-version":[{"id":39229,"href":"https:\/\/tvc16.com\/portal\/wp-json\/wp\/v2\/posts\/39227\/revisions\/39229"}],"wp:featuredmedia":[{"embeddable":true,"href":"https:\/\/tvc16.com\/portal\/wp-json\/wp\/v2\/media\/39228"}],"wp:attachment":[{"href":"https:\/\/tvc16.com\/portal\/wp-json\/wp\/v2\/media?parent=39227"}],"wp:term":[{"taxonomy":"category","embeddable":true,"href":"https:\/\/tvc16.com\/portal\/wp-json\/wp\/v2\/categories?post=39227"},{"taxonomy":"post_tag","embeddable":true,"href":"https:\/\/tvc16.com\/portal\/wp-json\/wp\/v2\/tags?post=39227"}],"curies":[{"name":"wp","href":"https:\/\/api.w.org\/{rel}","templated":true}]}}