{"id":3923,"date":"2020-10-26T15:06:10","date_gmt":"2020-10-26T15:06:10","guid":{"rendered":"https:\/\/tvc16.com\/portal\/?p=3923"},"modified":"2020-10-26T15:06:10","modified_gmt":"2020-10-26T15:06:10","slug":"brasil-atinge-a-menor-media-de-mortes-por-covid-19-desde-maio-diz-fiocruz","status":"publish","type":"post","link":"https:\/\/tvc16.com\/portal\/2020\/10\/26\/brasil-atinge-a-menor-media-de-mortes-por-covid-19-desde-maio-diz-fiocruz\/","title":{"rendered":"Brasil atinge a menor m\u00e9dia de mortes por Covid-19 desde maio, diz Fiocruz"},"content":{"rendered":"\n<p>oram 461 mortes di\u00e1rias de acordo com a m\u00e9dia m\u00f3vel de sete dias<\/p>\n\n\n\n<p>O Brasil registrou 461,14 mortes di\u00e1rias por Covid-19 de acordo com a m\u00e9dia m\u00f3vel de sete dias. Segundo os dados da <a href=\"http:\/\/https:\/\/agenciabrasil.ebc.com.br\/saude\/noticia\/2020-10\/mortes-por-covid-19-chegam-ao-menor-nivel-desde-maio-diz-fiocruz\">Funda\u00e7\u00e3o Oswaldo Cruz (Fiocruz)<\/a>, esse \u00e9 o menor patamar de \u00f3bitos di\u00e1rios desde 6 de maio, quando ocorreu uma m\u00e9dia de 437,57 mortes pela doen\u00e7a.&nbsp;<\/p>\n\n\n\n<p>O levantamento da &nbsp;\u00faltima sexta-feira (23) indica ainda que o pico de mortes por coronav\u00edrus no pa\u00eds, de 1.094,14, foi atingido em julho, no dia 25.<\/p>\n\n\n\n<p>Doze unidades da federa\u00e7\u00e3o tiveram queda na m\u00e9dia de mortes em rela\u00e7\u00e3o \u00e0 semana anterior. Entre os maiores recuos est\u00e3o Rond\u00f4nia com -47,9%, Cear\u00e1 &nbsp;com -44,6% e Distrito Federal -33,8%.<\/p>\n\n\n\n<p>Dez estados tiveram aumento na m\u00e9dia de \u00f3bitos, com destaque para locais como Par\u00e1 ( com 5,4%, Amap\u00e1 &nbsp;com 66,3% e Acre 40,8%.<\/p>\n\n\n\n<p>Santa Catarina manteve o n\u00famero de mortes entre uma semana e outra. Roraima, Tocantis e Mato Grosso do Sul n\u00e3o tiveram seus dados divulgados.<\/p>\n\n\n\n<p>Fonte: <a href=\"https:\/\/brasil61.com\/noticias\/brasil-atinge-a-menor-media-de-mortes-por-covid-19-desde-maio-diz-fiocruz-bras202351?email=bethdeoliveira@yahoo.com.br&amp;utm_source=newsletter&amp;utm_medium=newsletter&amp;utm_campaign=newsletter\" target=\"_blank\" rel=\"noreferrer noopener\">Brasil 61<\/a><\/p>\n","protected":false},"excerpt":{"rendered":"<p>oram 461 mortes di\u00e1rias de acordo com a m\u00e9dia m\u00f3vel de sete dias O Brasil<\/p>\n","protected":false},"author":2,"featured_media":3721,"comment_status":"open","ping_status":"open","sticky":false,"template":"","format":"standard","meta":{"footnotes":""},"categories":[13],"tags":[],"class_list":["post-3923","post","type-post","status-publish","format-standard","has-post-thumbnail","hentry","category-saude"],"_links":{"self":[{"href":"https:\/\/tvc16.com\/portal\/wp-json\/wp\/v2\/posts\/3923","targetHints":{"allow":["GET"]}}],"collection":[{"href":"https:\/\/tvc16.com\/portal\/wp-json\/wp\/v2\/posts"}],"about":[{"href":"https:\/\/tvc16.com\/portal\/wp-json\/wp\/v2\/types\/post"}],"author":[{"embeddable":true,"href":"https:\/\/tvc16.com\/portal\/wp-json\/wp\/v2\/users\/2"}],"replies":[{"embeddable":true,"href":"https:\/\/tvc16.com\/portal\/wp-json\/wp\/v2\/comments?post=3923"}],"version-history":[{"count":1,"href":"https:\/\/tvc16.com\/portal\/wp-json\/wp\/v2\/posts\/3923\/revisions"}],"predecessor-version":[{"id":3924,"href":"https:\/\/tvc16.com\/portal\/wp-json\/wp\/v2\/posts\/3923\/revisions\/3924"}],"wp:featuredmedia":[{"embeddable":true,"href":"https:\/\/tvc16.com\/portal\/wp-json\/wp\/v2\/media\/3721"}],"wp:attachment":[{"href":"https:\/\/tvc16.com\/portal\/wp-json\/wp\/v2\/media?parent=3923"}],"wp:term":[{"taxonomy":"category","embeddable":true,"href":"https:\/\/tvc16.com\/portal\/wp-json\/wp\/v2\/categories?post=3923"},{"taxonomy":"post_tag","embeddable":true,"href":"https:\/\/tvc16.com\/portal\/wp-json\/wp\/v2\/tags?post=3923"}],"curies":[{"name":"wp","href":"https:\/\/api.w.org\/{rel}","templated":true}]}}