{"id":39250,"date":"2022-07-03T16:55:41","date_gmt":"2022-07-03T19:55:41","guid":{"rendered":"https:\/\/tvc16.com\/portal\/?p=39250"},"modified":"2022-07-03T16:55:42","modified_gmt":"2022-07-03T19:55:42","slug":"centro-de-convivencia-para-idosos-e-reaberto-na-sociedade-esportiva-friburguense","status":"publish","type":"post","link":"https:\/\/tvc16.com\/portal\/2022\/07\/03\/centro-de-convivencia-para-idosos-e-reaberto-na-sociedade-esportiva-friburguense\/","title":{"rendered":"Centro de Conviv\u00eancia para Idosos \u00e9 reaberto na Sociedade Esportiva Friburguense\u00a0"},"content":{"rendered":"\n<p>Na manh\u00e3 da \u00faltima sexta-feira, 01 de julho, o sal\u00e3o da Sociedade Esportiva Friburguense recebeu mais de 300 pessoas, entre idosos e autoridades, para a cerim\u00f4nia de abertura do Centro de Conviv\u00eancia da Pessoa Idosa Zelma Mussi Gerv\u00e1sio.<\/p>\n\n\n\n<p>Neste primeiro momento o espa\u00e7o foi reaberto e apresentado \u00e0 comunidade, enquanto nas semanas seguintes ser\u00e1 feito um cadastramento dos usu\u00e1rios. O local dedicado ao fortalecimento de v\u00ednculo, sa\u00fade, qualidade de vida e bem-estar dos idosos oferta atividades art\u00edsticas, culturais, esportivas e de lazer gratuitamente para pessoas com 60 anos ou mais e pessoas com mais de 45 anos, conforme disponibilidade de vaga.<\/p>\n\n\n\n<figure class=\"wp-block-image size-large\"><img loading=\"lazy\" decoding=\"async\" width=\"768\" height=\"1024\" src=\"https:\/\/tvc16.com\/portal\/wp-content\/uploads\/2022\/07\/sef-4-768x1024.jpeg\" alt=\"\" class=\"wp-image-39252\" srcset=\"https:\/\/tvc16.com\/portal\/wp-content\/uploads\/2022\/07\/sef-4-768x1024.jpeg 768w, https:\/\/tvc16.com\/portal\/wp-content\/uploads\/2022\/07\/sef-4-225x300.jpeg 225w, https:\/\/tvc16.com\/portal\/wp-content\/uploads\/2022\/07\/sef-4-1152x1536.jpeg 1152w, https:\/\/tvc16.com\/portal\/wp-content\/uploads\/2022\/07\/sef-4.jpeg 1200w\" sizes=\"auto, (max-width: 768px) 100vw, 768px\" \/><\/figure>\n\n\n\n<p>O equipamento da Secretaria de Assist\u00eancia Social, Direitos Humanos, Trabalho e Pol\u00edticas P\u00fablicas para a Juventude da Prefeitura de Nova Friburgo funcionava no Clube de Xadrez e agora as atividades ser\u00e3o oferecidas no Sal\u00e3o Social da Sef, num espa\u00e7o totalmente reformado que dispoe de de um amplo sal\u00e3o, cozinha, banheiro masculino e feminino e ventila\u00e7\u00e3o abundante, al\u00e9m de Plano de Preven\u00e7\u00e3o e Prote\u00e7\u00e3o Contra Inc\u00eandios aprovado pelo Corpo de Bombeiros.<\/p>\n\n\n\n<figure class=\"wp-block-image size-large\"><img loading=\"lazy\" decoding=\"async\" width=\"577\" height=\"1024\" src=\"https:\/\/tvc16.com\/portal\/wp-content\/uploads\/2022\/07\/sef-3-577x1024.jpeg\" alt=\"\" class=\"wp-image-39253\" srcset=\"https:\/\/tvc16.com\/portal\/wp-content\/uploads\/2022\/07\/sef-3-577x1024.jpeg 577w, https:\/\/tvc16.com\/portal\/wp-content\/uploads\/2022\/07\/sef-3-169x300.jpeg 169w, https:\/\/tvc16.com\/portal\/wp-content\/uploads\/2022\/07\/sef-3-768x1362.jpeg 768w, https:\/\/tvc16.com\/portal\/wp-content\/uploads\/2022\/07\/sef-3-866x1536.jpeg 866w, https:\/\/tvc16.com\/portal\/wp-content\/uploads\/2022\/07\/sef-3.jpeg 902w\" sizes=\"auto, (max-width: 577px) 100vw, 577px\" \/><\/figure>\n\n\n\n<p>A solenidade de reabertura do Centro contou com a presen\u00e7a do prefeito Johnny Maycon, o deputado federal Fel\u00edcio Later\u00e7a, a deputada estadual Tia Ju, o secret\u00e1rio Municipal de Assist\u00eancia Social, Direitos Humanos, Trabalho e Pol\u00edticas P\u00fablicas para a Juventude da Prefeitura de Nova Friburgo, Yuri Guimar\u00e3es, v\u00e1rios secret\u00e1rios municipais e vereadores. Durante a cerim\u00f4nia de abertura, todos foram surpreendidos com muita anima\u00e7\u00e3o atrav\u00e9s de in\u00fameras falas dos representantes, al\u00e9m de um delicioso caf\u00e9, acompanhado de muita dan\u00e7a com o vereador Professor Andr\u00e9.<\/p>\n","protected":false},"excerpt":{"rendered":"<p>Na manh\u00e3 da \u00faltima sexta-feira, 01 de julho, o sal\u00e3o da Sociedade Esportiva Friburguense recebeu<\/p>\n","protected":false},"author":2,"featured_media":39251,"comment_status":"open","ping_status":"open","sticky":false,"template":"","format":"standard","meta":{"footnotes":""},"categories":[21,19,17,15,13],"tags":[],"class_list":["post-39250","post","type-post","status-publish","format-standard","has-post-thumbnail","hentry","category-cultura","category-educacao","category-outras-noticias","category-politica","category-saude"],"_links":{"self":[{"href":"https:\/\/tvc16.com\/portal\/wp-json\/wp\/v2\/posts\/39250","targetHints":{"allow":["GET"]}}],"collection":[{"href":"https:\/\/tvc16.com\/portal\/wp-json\/wp\/v2\/posts"}],"about":[{"href":"https:\/\/tvc16.com\/portal\/wp-json\/wp\/v2\/types\/post"}],"author":[{"embeddable":true,"href":"https:\/\/tvc16.com\/portal\/wp-json\/wp\/v2\/users\/2"}],"replies":[{"embeddable":true,"href":"https:\/\/tvc16.com\/portal\/wp-json\/wp\/v2\/comments?post=39250"}],"version-history":[{"count":1,"href":"https:\/\/tvc16.com\/portal\/wp-json\/wp\/v2\/posts\/39250\/revisions"}],"predecessor-version":[{"id":39254,"href":"https:\/\/tvc16.com\/portal\/wp-json\/wp\/v2\/posts\/39250\/revisions\/39254"}],"wp:featuredmedia":[{"embeddable":true,"href":"https:\/\/tvc16.com\/portal\/wp-json\/wp\/v2\/media\/39251"}],"wp:attachment":[{"href":"https:\/\/tvc16.com\/portal\/wp-json\/wp\/v2\/media?parent=39250"}],"wp:term":[{"taxonomy":"category","embeddable":true,"href":"https:\/\/tvc16.com\/portal\/wp-json\/wp\/v2\/categories?post=39250"},{"taxonomy":"post_tag","embeddable":true,"href":"https:\/\/tvc16.com\/portal\/wp-json\/wp\/v2\/tags?post=39250"}],"curies":[{"name":"wp","href":"https:\/\/api.w.org\/{rel}","templated":true}]}}