{"id":39255,"date":"2022-07-03T17:19:59","date_gmt":"2022-07-03T20:19:59","guid":{"rendered":"https:\/\/tvc16.com\/portal\/?p=39255"},"modified":"2022-07-03T17:25:39","modified_gmt":"2022-07-03T20:25:39","slug":"coleta-de-lixo-verde-em-paraiba-do-sul-vai-acontecer-de-4-a-7-de-julho","status":"publish","type":"post","link":"https:\/\/tvc16.com\/portal\/2022\/07\/03\/coleta-de-lixo-verde-em-paraiba-do-sul-vai-acontecer-de-4-a-7-de-julho\/","title":{"rendered":"Coleta de lixo verde em Para\u00edba do Sul vai acontecer de 4 a 7 de julho"},"content":{"rendered":"\n<p>A  Prefeitura de Para\u00edba do Sul segue com o cronograma de coleta de lixo verde no munic\u00edpio ao longo desta semana e os primeiros bairros a serem atendidos ser\u00e3o: Eldorado, Limoeiro, Parque Morone, Lava P\u00e9s, Porta do Sol e Brocot\u00f3 no per\u00edodo da manh\u00e3, a partir das 07h. Liberdade, Santa Josefa, Rua das Palhas e Ponte Preta, \u00e0s 13h.<\/p>\n\n\n\n<p>Os res\u00edduos, resultado de poda, capina ou ro\u00e7ada, devem estar acondicionados da seguinte maneira, folhas em sacos pl\u00e1sticos refor\u00e7ados e n\u00e3o ultrapassar seis unidades por resid\u00eancia. Os Galhos devem estar amarrados como fardos, com tamanho de aproximadamente 1 metro de comprimento e 50 cent\u00edmetros cada fardo, que tamb\u00e9m n\u00e3o deve ultrapassar as seis unidades por resid\u00eancia.<\/p>\n\n\n\n<figure class=\"wp-block-image size-large\"><img loading=\"lazy\" decoding=\"async\" width=\"1024\" height=\"1024\" src=\"https:\/\/tvc16.com\/portal\/wp-content\/uploads\/2022\/07\/coleta-3-1024x1024.jpg\" alt=\"\" class=\"wp-image-39257\" srcset=\"https:\/\/tvc16.com\/portal\/wp-content\/uploads\/2022\/07\/coleta-3-1024x1024.jpg 1024w, https:\/\/tvc16.com\/portal\/wp-content\/uploads\/2022\/07\/coleta-3-300x300.jpg 300w, https:\/\/tvc16.com\/portal\/wp-content\/uploads\/2022\/07\/coleta-3-150x150.jpg 150w, https:\/\/tvc16.com\/portal\/wp-content\/uploads\/2022\/07\/coleta-3-768x768.jpg 768w, https:\/\/tvc16.com\/portal\/wp-content\/uploads\/2022\/07\/coleta-3-1536x1536.jpg 1536w, https:\/\/tvc16.com\/portal\/wp-content\/uploads\/2022\/07\/coleta-3.jpg 2048w\" sizes=\"auto, (max-width: 1024px) 100vw, 1024px\" \/><\/figure>\n\n\n\n<p>Os res\u00edduos devem ser colocados em frente \u00e0s resid\u00eancias somente na data da coleta e de acordo com o cronograma.<\/p>\n\n\n\n<figure class=\"wp-block-image size-large\"><img loading=\"lazy\" decoding=\"async\" width=\"1024\" height=\"1024\" src=\"https:\/\/tvc16.com\/portal\/wp-content\/uploads\/2022\/07\/coleta-4-1024x1024.jpg\" alt=\"\" class=\"wp-image-39258\" srcset=\"https:\/\/tvc16.com\/portal\/wp-content\/uploads\/2022\/07\/coleta-4-1024x1024.jpg 1024w, https:\/\/tvc16.com\/portal\/wp-content\/uploads\/2022\/07\/coleta-4-300x300.jpg 300w, https:\/\/tvc16.com\/portal\/wp-content\/uploads\/2022\/07\/coleta-4-150x150.jpg 150w, https:\/\/tvc16.com\/portal\/wp-content\/uploads\/2022\/07\/coleta-4-768x768.jpg 768w, https:\/\/tvc16.com\/portal\/wp-content\/uploads\/2022\/07\/coleta-4-1536x1536.jpg 1536w, https:\/\/tvc16.com\/portal\/wp-content\/uploads\/2022\/07\/coleta-4.jpg 2048w\" sizes=\"auto, (max-width: 1024px) 100vw, 1024px\" \/><\/figure>\n\n\n\n<p>Os cortes de \u00e1rvores devem ser feitos mediante autoriza\u00e7\u00e3o da Prefeitura. Nesse caso o requerente \u00e9 respons\u00e1vel pelo descarte adequado.<\/p>\n\n\n\n<figure class=\"wp-block-image size-large\"><img loading=\"lazy\" decoding=\"async\" width=\"1024\" height=\"1024\" src=\"https:\/\/tvc16.com\/portal\/wp-content\/uploads\/2022\/07\/coleta-5-1024x1024.jpg\" alt=\"\" class=\"wp-image-39259\" srcset=\"https:\/\/tvc16.com\/portal\/wp-content\/uploads\/2022\/07\/coleta-5-1024x1024.jpg 1024w, https:\/\/tvc16.com\/portal\/wp-content\/uploads\/2022\/07\/coleta-5-300x300.jpg 300w, https:\/\/tvc16.com\/portal\/wp-content\/uploads\/2022\/07\/coleta-5-150x150.jpg 150w, https:\/\/tvc16.com\/portal\/wp-content\/uploads\/2022\/07\/coleta-5-768x768.jpg 768w, https:\/\/tvc16.com\/portal\/wp-content\/uploads\/2022\/07\/coleta-5-1536x1536.jpg 1536w, https:\/\/tvc16.com\/portal\/wp-content\/uploads\/2022\/07\/coleta-5.jpg 2048w\" sizes=\"auto, (max-width: 1024px) 100vw, 1024px\" \/><\/figure>\n\n\n\n<p> <\/p>\n","protected":false},"excerpt":{"rendered":"<p>A Prefeitura de Para\u00edba do Sul segue com o cronograma de coleta de lixo verde<\/p>\n","protected":false},"author":2,"featured_media":39256,"comment_status":"open","ping_status":"open","sticky":false,"template":"","format":"standard","meta":{"footnotes":""},"categories":[17],"tags":[],"class_list":["post-39255","post","type-post","status-publish","format-standard","has-post-thumbnail","hentry","category-outras-noticias"],"_links":{"self":[{"href":"https:\/\/tvc16.com\/portal\/wp-json\/wp\/v2\/posts\/39255","targetHints":{"allow":["GET"]}}],"collection":[{"href":"https:\/\/tvc16.com\/portal\/wp-json\/wp\/v2\/posts"}],"about":[{"href":"https:\/\/tvc16.com\/portal\/wp-json\/wp\/v2\/types\/post"}],"author":[{"embeddable":true,"href":"https:\/\/tvc16.com\/portal\/wp-json\/wp\/v2\/users\/2"}],"replies":[{"embeddable":true,"href":"https:\/\/tvc16.com\/portal\/wp-json\/wp\/v2\/comments?post=39255"}],"version-history":[{"count":2,"href":"https:\/\/tvc16.com\/portal\/wp-json\/wp\/v2\/posts\/39255\/revisions"}],"predecessor-version":[{"id":39262,"href":"https:\/\/tvc16.com\/portal\/wp-json\/wp\/v2\/posts\/39255\/revisions\/39262"}],"wp:featuredmedia":[{"embeddable":true,"href":"https:\/\/tvc16.com\/portal\/wp-json\/wp\/v2\/media\/39256"}],"wp:attachment":[{"href":"https:\/\/tvc16.com\/portal\/wp-json\/wp\/v2\/media?parent=39255"}],"wp:term":[{"taxonomy":"category","embeddable":true,"href":"https:\/\/tvc16.com\/portal\/wp-json\/wp\/v2\/categories?post=39255"},{"taxonomy":"post_tag","embeddable":true,"href":"https:\/\/tvc16.com\/portal\/wp-json\/wp\/v2\/tags?post=39255"}],"curies":[{"name":"wp","href":"https:\/\/api.w.org\/{rel}","templated":true}]}}