{"id":39263,"date":"2022-07-03T18:28:00","date_gmt":"2022-07-03T21:28:00","guid":{"rendered":"https:\/\/tvc16.com\/portal\/?p=39263"},"modified":"2022-07-03T17:38:03","modified_gmt":"2022-07-03T20:38:03","slug":"matricula-e-renovacao-de-matricula-da-e-j-a-comecam-essa-semana-em-nova-friburgo","status":"publish","type":"post","link":"https:\/\/tvc16.com\/portal\/2022\/07\/03\/matricula-e-renovacao-de-matricula-da-e-j-a-comecam-essa-semana-em-nova-friburgo\/","title":{"rendered":"Matr\u00edcula e Renova\u00e7\u00e3o de Matr\u00edcula da E.J.A. come\u00e7am essa semana em Nova Friburgo"},"content":{"rendered":"\n<p>A Prefeitura de Nova Friburgo publicou a portaria que define os procedimentos relacionados \u00e0 matr\u00edcula e renova\u00e7\u00e3o de matr\u00edcula da EJA &#8211; Educa\u00e7\u00e3o de Jovens Adultos. Nos dias 04, 05 e 06 julho ocorrer\u00e1, nas pr\u00f3prias unidades escolares, a renova\u00e7\u00e3o de matr\u00edcula e a efetiva\u00e7\u00e3o de matr\u00edculas novas. O in\u00edcio do 2\u00ba semestre ter\u00e1 in\u00edcio no dia 15 de julho, sexta-feira.<\/p>\n\n\n\n<p>A idade m\u00ednima para matr\u00edcula e frequencia em turmas de EJA do Ensino Fundamental \u00e9 de 15 anos completos at\u00e9 o primeiro dia letivo do semestre em curso. No ato da renova\u00e7\u00e3o da matr\u00edcula, o respons\u00e1vel legal, ou o aluno maior de 18 anos, dever\u00e1 atualizar a documenta\u00e7\u00e3o escolar e, em caso de necessidade, assinar a Ficha de Matr\u00edcula. <\/p>\n\n\n\n<p>A listagem completa com os documentos a serem apresentados e a lista das unidades escolares com EJA est\u00e1 dispon\u00edvel no site da Prefeitura de Nova Friburgo ou pelas redes sociais do munic\u00edpio.<\/p>\n","protected":false},"excerpt":{"rendered":"<p>A Prefeitura de Nova Friburgo publicou a portaria que define os procedimentos relacionados \u00e0 matr\u00edcula<\/p>\n","protected":false},"author":2,"featured_media":39264,"comment_status":"open","ping_status":"open","sticky":false,"template":"","format":"standard","meta":{"footnotes":""},"categories":[19,17],"tags":[],"class_list":["post-39263","post","type-post","status-publish","format-standard","has-post-thumbnail","hentry","category-educacao","category-outras-noticias"],"_links":{"self":[{"href":"https:\/\/tvc16.com\/portal\/wp-json\/wp\/v2\/posts\/39263","targetHints":{"allow":["GET"]}}],"collection":[{"href":"https:\/\/tvc16.com\/portal\/wp-json\/wp\/v2\/posts"}],"about":[{"href":"https:\/\/tvc16.com\/portal\/wp-json\/wp\/v2\/types\/post"}],"author":[{"embeddable":true,"href":"https:\/\/tvc16.com\/portal\/wp-json\/wp\/v2\/users\/2"}],"replies":[{"embeddable":true,"href":"https:\/\/tvc16.com\/portal\/wp-json\/wp\/v2\/comments?post=39263"}],"version-history":[{"count":1,"href":"https:\/\/tvc16.com\/portal\/wp-json\/wp\/v2\/posts\/39263\/revisions"}],"predecessor-version":[{"id":39265,"href":"https:\/\/tvc16.com\/portal\/wp-json\/wp\/v2\/posts\/39263\/revisions\/39265"}],"wp:featuredmedia":[{"embeddable":true,"href":"https:\/\/tvc16.com\/portal\/wp-json\/wp\/v2\/media\/39264"}],"wp:attachment":[{"href":"https:\/\/tvc16.com\/portal\/wp-json\/wp\/v2\/media?parent=39263"}],"wp:term":[{"taxonomy":"category","embeddable":true,"href":"https:\/\/tvc16.com\/portal\/wp-json\/wp\/v2\/categories?post=39263"},{"taxonomy":"post_tag","embeddable":true,"href":"https:\/\/tvc16.com\/portal\/wp-json\/wp\/v2\/tags?post=39263"}],"curies":[{"name":"wp","href":"https:\/\/api.w.org\/{rel}","templated":true}]}}