{"id":39266,"date":"2022-07-03T18:41:00","date_gmt":"2022-07-03T21:41:00","guid":{"rendered":"https:\/\/tvc16.com\/portal\/?p=39266"},"modified":"2022-07-03T17:45:04","modified_gmt":"2022-07-03T20:45:04","slug":"edital-para-construcao-de-galeria-de-aguas-pluviais-em-tres-rios-foi-publicado","status":"publish","type":"post","link":"https:\/\/tvc16.com\/portal\/2022\/07\/03\/edital-para-construcao-de-galeria-de-aguas-pluviais-em-tres-rios-foi-publicado\/","title":{"rendered":"Edital para constru\u00e7\u00e3o de Galeria de \u00c1guas Pluviais em Tr\u00eas Rios foi publicado"},"content":{"rendered":"\n<p>O que vem sendo o planejamento inicial da Prefeitura de Tr\u00eas Rios, por meio de v\u00e1rias reuni\u00f5es do Prefeito Joa e do Secret\u00e1rio de Obras, Infraestrutura e Habita\u00e7\u00e3o, Ricardo Monteiro, junto ao Governo do Estado do Rio de Janeiro, teve sua primeira etapa conclu\u00edda. Foi publicado no Di\u00e1rio Oficial do Estado, o edital oficial para a obra da constru\u00e7\u00e3o da galeria de \u00e1guas pluviais da Avenida Zoello Sola.<\/p>\n\n\n\n<p>O Prefeito Joa recebeu a not\u00edcia com alegria e comentou que o \u201cstart\u201d foi dado e que ser\u00e1 uma das maiores conquistas de Tr\u00eas Rios nas \u00faltimas d\u00e9cadas.<\/p>\n\n\n\n<p>&#8220;Primeiramente quero agradecer a Deus, pois sem Ele, n\u00e3o somos nada, mas, desde o in\u00edcio da nossa gest\u00e3o, quando enfrentamos a cat\u00e1strofe causada pelas chuvas, estamos trabalhando muito para desentupir os ralos, bueiros e galerias de \u00e1guas pluviais. Ap\u00f3s tanto trabalho de preven\u00e7\u00e3o ver que a t\u00e3o sonhada galeria de \u00e1guas pluviais da Avenida Zoello Sola ser\u00e1 constru\u00edda, \u00e9 uma alegria imensa\u201d, comentou o Prefeito, antes de concluir:<\/p>\n\n\n\n<p>\u201cCom a galeria, vamos zerar o problema de alagamentos que h\u00e1 d\u00e9cadas tiram o sono dos moradores da Rua Jacinto Sobrinho, umas das principais vias de acesso ao Bairro Vila Isabel, Tri\u00e2ngulo e toda extens\u00e3o da Avenida Zoello Sola, umas das principais portas de entrada do munic\u00edpio\u201d.<\/p>\n","protected":false},"excerpt":{"rendered":"<p>O que vem sendo o planejamento inicial da Prefeitura de Tr\u00eas Rios, por meio de<\/p>\n","protected":false},"author":2,"featured_media":39267,"comment_status":"open","ping_status":"open","sticky":false,"template":"","format":"standard","meta":{"footnotes":""},"categories":[18,17,15],"tags":[],"class_list":["post-39266","post","type-post","status-publish","format-standard","has-post-thumbnail","hentry","category-economia","category-outras-noticias","category-politica"],"_links":{"self":[{"href":"https:\/\/tvc16.com\/portal\/wp-json\/wp\/v2\/posts\/39266","targetHints":{"allow":["GET"]}}],"collection":[{"href":"https:\/\/tvc16.com\/portal\/wp-json\/wp\/v2\/posts"}],"about":[{"href":"https:\/\/tvc16.com\/portal\/wp-json\/wp\/v2\/types\/post"}],"author":[{"embeddable":true,"href":"https:\/\/tvc16.com\/portal\/wp-json\/wp\/v2\/users\/2"}],"replies":[{"embeddable":true,"href":"https:\/\/tvc16.com\/portal\/wp-json\/wp\/v2\/comments?post=39266"}],"version-history":[{"count":1,"href":"https:\/\/tvc16.com\/portal\/wp-json\/wp\/v2\/posts\/39266\/revisions"}],"predecessor-version":[{"id":39268,"href":"https:\/\/tvc16.com\/portal\/wp-json\/wp\/v2\/posts\/39266\/revisions\/39268"}],"wp:featuredmedia":[{"embeddable":true,"href":"https:\/\/tvc16.com\/portal\/wp-json\/wp\/v2\/media\/39267"}],"wp:attachment":[{"href":"https:\/\/tvc16.com\/portal\/wp-json\/wp\/v2\/media?parent=39266"}],"wp:term":[{"taxonomy":"category","embeddable":true,"href":"https:\/\/tvc16.com\/portal\/wp-json\/wp\/v2\/categories?post=39266"},{"taxonomy":"post_tag","embeddable":true,"href":"https:\/\/tvc16.com\/portal\/wp-json\/wp\/v2\/tags?post=39266"}],"curies":[{"name":"wp","href":"https:\/\/api.w.org\/{rel}","templated":true}]}}