{"id":39269,"date":"2022-07-03T19:13:00","date_gmt":"2022-07-03T22:13:00","guid":{"rendered":"https:\/\/tvc16.com\/portal\/?p=39269"},"modified":"2022-07-03T17:55:18","modified_gmt":"2022-07-03T20:55:18","slug":"policia-federal-quer-criar-dna-do-ouro-para-combater-crimes-cometidos-na-comercializacao-do-mineral","status":"publish","type":"post","link":"https:\/\/tvc16.com\/portal\/2022\/07\/03\/policia-federal-quer-criar-dna-do-ouro-para-combater-crimes-cometidos-na-comercializacao-do-mineral\/","title":{"rendered":"Pol\u00edcia Federal quer criar DNA do ouro para combater crimes cometidos na comercializa\u00e7\u00e3o do mineral"},"content":{"rendered":"\n<p>Uma plataforma digital criada pelo Instituto Escolhas, que mapeia caminhos do com\u00e9rcio ilegal de ouro, revela que o Brasil exportou 229 toneladas de ouro com ind\u00edcios de ilegalidade entre 2015 e 2020. Esse volume corresponde a praticamente metade de todo o ouro produzido e exportado pelo pa\u00eds. Da quantidade de ouro com ind\u00edcios de ilegalidade, 54% tem origem no Amazonas, 26% no Mato Grosso e 24% no Par\u00e1.&nbsp;<\/p>\n\n\n\n<p>Diante desse quadro, a Pol\u00edcia Federal <a href=\"https:\/\/www.gov.br\/pf\/pt-br\">(PF)<\/a> trabalha na implanta\u00e7\u00e3o de uma iniciativa que visa combater os crimes cometidos na obten\u00e7\u00e3o e venda do mineral. O intuito \u00e9 criar o chamado DNA do ouro das prov\u00edncias brasileiras. A ideia \u00e9 rastrear a origem do ouro extra\u00eddo no pa\u00eds, a partir de um banco de dados, como explica o perito criminal da PF, F\u00e1bio Salvador.&nbsp;<\/p>\n\n\n\n<p>\u201cO projeto se difere do chamado DNA do Diamante. O termo DNA \u00e9 para tornar a ideia mais compreens\u00edvel, mas o que se busca \u00e9 fazer um procedimento semelhante \u00e0 marca papilosc\u00f3pica, ou a identifica\u00e7\u00e3o do ouro por meio de uma assinatura qu\u00edmica, geoqu\u00edmica e isot\u00f3pica. A ideia \u00e9 usar todo o conhecimento cient\u00edfico nacional e internacional para encontrar assinaturas do ouro, desde a sua extra\u00e7\u00e3o nos dep\u00f3sitos minerais, e fazer o mapeamento desse ouro at\u00e9 a sua etapa final\u201d, pontua.\u00a0<\/p>\n\n\n\n<p>O diretor da Associa\u00e7\u00e3o Brasileira das Empresas de Pesquisa Mineral <a href=\"http:\/\/www.abpm.net.br\/?gclid=CjwKCAjw_ISWBhBkEiwAdqxb9qr3o-3iRTdlC2OxWuxeQfUWrd43K0h19N9jrLkGIBIJ_5XAmEkyJxoC27sQAvD_BwE\">(ABPM)<\/a> e presidente do Sindicato da Minera\u00e7\u00e3o de Goi\u00e1s e Distrito Federal, Luiz Ant\u00f4nio Vessani, acredita que a iniciativa vai ajudar a reduzir a criminalidade no mercado do ouro e causar melhor impress\u00e3o do setor sob a \u00f3tica de investidores.&nbsp;<\/p>\n\n\n\n<p>\u201cEntendo que essa medida \u00e9 absolutamente necess\u00e1ria e criativa, j\u00e1 que envolve o cadastramento de praticamente todas as produ\u00e7\u00f5es oficiais e legalizadas de ouro. S\u00f3 vem para beneficiar o setor formal da minera\u00e7\u00e3o para que tenha transpar\u00eancia e seguran\u00e7a na legalidade de suas a\u00e7\u00f5es\u201d, considera.&nbsp;<\/p>\n\n\n\n<h2 class=\"wp-block-heading\">Banco de dados&nbsp;<\/h2>\n\n\n\n<p>O perito criminal da Pol\u00edcia Federal, F\u00e1bio Salvador, afirma que a iniciativa est\u00e1 em fase de implanta\u00e7\u00e3o e vai contar com acordos de coopera\u00e7\u00e3o para juntar amostras na Guiana Francesa, na Col\u00f4mbia e no Peru. \u201cCom isso, teremos um grande banco de dados de todo o ouro que existe na Am\u00e9rica Latina\u201d, destaca. &nbsp;<\/p>\n\n\n\n<p>A Pol\u00edcia Federal deve contar com amostras oriundas de apreens\u00f5es e com outras colhidas diretamente na fonte, para a constitui\u00e7\u00e3o de um banco de dados de amostras questionadas e de amostras padr\u00e3o.<\/p>\n\n\n\n<p>\u201cAs amostras padr\u00e3o ser\u00e3o buscadas diretamente na fonte pelos peritos criminais federais, respeitando a devida cadeia de cust\u00f3dia, e podem ser oferecidas pelas mineradoras e por cooperativas garimpeiras\u201d, explica Salvador.&nbsp;<\/p>\n\n\n\n<p>Reportagem Marquezan Ara\u00fajo<\/p>\n","protected":false},"excerpt":{"rendered":"<p>Uma plataforma digital criada pelo Instituto Escolhas, que mapeia caminhos do com\u00e9rcio ilegal de ouro,<\/p>\n","protected":false},"author":2,"featured_media":39270,"comment_status":"open","ping_status":"open","sticky":false,"template":"","format":"standard","meta":{"footnotes":""},"categories":[18,17,14,15],"tags":[],"class_list":["post-39269","post","type-post","status-publish","format-standard","has-post-thumbnail","hentry","category-economia","category-outras-noticias","category-pais","category-politica"],"_links":{"self":[{"href":"https:\/\/tvc16.com\/portal\/wp-json\/wp\/v2\/posts\/39269","targetHints":{"allow":["GET"]}}],"collection":[{"href":"https:\/\/tvc16.com\/portal\/wp-json\/wp\/v2\/posts"}],"about":[{"href":"https:\/\/tvc16.com\/portal\/wp-json\/wp\/v2\/types\/post"}],"author":[{"embeddable":true,"href":"https:\/\/tvc16.com\/portal\/wp-json\/wp\/v2\/users\/2"}],"replies":[{"embeddable":true,"href":"https:\/\/tvc16.com\/portal\/wp-json\/wp\/v2\/comments?post=39269"}],"version-history":[{"count":1,"href":"https:\/\/tvc16.com\/portal\/wp-json\/wp\/v2\/posts\/39269\/revisions"}],"predecessor-version":[{"id":39271,"href":"https:\/\/tvc16.com\/portal\/wp-json\/wp\/v2\/posts\/39269\/revisions\/39271"}],"wp:featuredmedia":[{"embeddable":true,"href":"https:\/\/tvc16.com\/portal\/wp-json\/wp\/v2\/media\/39270"}],"wp:attachment":[{"href":"https:\/\/tvc16.com\/portal\/wp-json\/wp\/v2\/media?parent=39269"}],"wp:term":[{"taxonomy":"category","embeddable":true,"href":"https:\/\/tvc16.com\/portal\/wp-json\/wp\/v2\/categories?post=39269"},{"taxonomy":"post_tag","embeddable":true,"href":"https:\/\/tvc16.com\/portal\/wp-json\/wp\/v2\/tags?post=39269"}],"curies":[{"name":"wp","href":"https:\/\/api.w.org\/{rel}","templated":true}]}}