{"id":39272,"date":"2022-07-03T20:00:00","date_gmt":"2022-07-03T23:00:00","guid":{"rendered":"https:\/\/tvc16.com\/portal\/?p=39272"},"modified":"2022-07-03T17:59:37","modified_gmt":"2022-07-03T20:59:37","slug":"mais-da-metade-das-micro-e-pequenas-industrias-acreditam-na-alta-da-inflacao-para-os-proximos-meses-revela-pesquisa","status":"publish","type":"post","link":"https:\/\/tvc16.com\/portal\/2022\/07\/03\/mais-da-metade-das-micro-e-pequenas-industrias-acreditam-na-alta-da-inflacao-para-os-proximos-meses-revela-pesquisa\/","title":{"rendered":"Mais da metade das micro e pequenas ind\u00fastrias acreditam na alta da infla\u00e7\u00e3o para os pr\u00f3ximos meses, revela pesquisa"},"content":{"rendered":"\n<p>No Brasil, 56% das micro e pequenas ind\u00fastrias acreditam que haver\u00e1 alta da infla\u00e7\u00e3o nos pr\u00f3ximos meses, e apenas 10% preveem redu\u00e7\u00e3o. \u00c9 o que revela a pesquisa Indicador Nacional de Atividade da Micro e Pequena Ind\u00fastria. O levantamento foi feito pelo Datafolha e encomendada pelo Sindicato da Micro e Pequena Ind\u00fastria do Estado de S\u00e3o Paulo.&nbsp;<\/p>\n\n\n\n<p>Para o presidente e fundador do sindicato, Joseph Couri, o resultado est\u00e1 associado a v\u00e1rios fatores. Entre eles est\u00e1 a eleva\u00e7\u00e3o de custos para essas companhias.&nbsp;<\/p>\n\n\n\n<p>\u201cPrimeiro, h\u00e1 o aumento de insumos e mat\u00e9ria-prima, que impactam fortemente, atingindo 80% das empresas, na m\u00e9dia geral, com eleva\u00e7\u00e3o de custos cont\u00ednuos. Soma-se a isso a eleva\u00e7\u00e3o do custo do dinheiro, ou seja, a taxa de juros, al\u00e9m da eleva\u00e7\u00e3o de custos e pre\u00e7os de derivados de petr\u00f3leo e energia el\u00e9trica. E eu n\u00e3o conhe\u00e7o nenhuma empresa que consegue produzir sem energia el\u00e9trica\u201d, pontua.\u00a0<\/p>\n\n\n\n<p>De acordo com o balan\u00e7o, em m\u00e9dia, 48% das empresas tiveram capital de giro insuficiente. Na regi\u00e3o Nordeste do pa\u00eds, a taxa chega a 60%. No Sudeste, por sua vez, a porcentagem \u00e9 de 50%. J\u00e1 no Centro-Oeste e no Norte \u00e9 de 46%, enquanto no Sul \u00e9 de 39%. &nbsp;<\/p>\n\n\n\n<p>O \u00cdndice de Custos, que varia de 0 a 200 pontos, ficou em 77 pontos. O quadro \u00e9 mais complicado entre as pequenas ind\u00fastrias, que obtiveram 42 pontos. Das companhias analisadas, 62% registraram altas expressivas nos custos de produ\u00e7\u00e3o, sobretudo em rela\u00e7\u00e3o \u00e0 mat\u00e9ria-prima e aos insumos. \u200bNo Sudeste brasileiro, os custos com mat\u00e9ria-prima e insumos chegaram a 49% das companhias, enquanto no Nordeste, a 45%.<\/p>\n\n\n\n<h2 class=\"wp-block-heading\">Novos postos de trabalho<\/h2>\n\n\n\n<p>A pesquisa tamb\u00e9m mostra que o \u00cdndice de Contrata\u00e7\u00e3o e Demiss\u00e3o foi positivo, j\u00e1 que somou 105 pontos. Isso porque 18% das empresas entrevistadas contrataram funcion\u00e1rios no m\u00eas anterior ao levantamento, enquanto 13% demitiram.<\/p>\n\n\n\n<p>Nesse \u00edndice, quando os resultados ficam entre 0 e 99 pontos, indica que houve perda l\u00edquida de vagas. Por outro lado, quando a pontua\u00e7\u00e3o \u00e9 superior a 100, significa que o saldo foi positivo. O grau m\u00e1ximo da escala \u00e9 de 200 pontos e mostra um cen\u00e1rio em que todas as empresas contrataram e nenhuma demitiu.<\/p>\n\n\n\n<p>Reportagem Marquezan Ara\u00fajo<\/p>\n","protected":false},"excerpt":{"rendered":"<p>No Brasil, 56% das micro e pequenas ind\u00fastrias acreditam que haver\u00e1 alta da infla\u00e7\u00e3o nos<\/p>\n","protected":false},"author":2,"featured_media":39273,"comment_status":"open","ping_status":"open","sticky":false,"template":"","format":"standard","meta":{"footnotes":""},"categories":[18,17,14,15],"tags":[],"class_list":["post-39272","post","type-post","status-publish","format-standard","has-post-thumbnail","hentry","category-economia","category-outras-noticias","category-pais","category-politica"],"_links":{"self":[{"href":"https:\/\/tvc16.com\/portal\/wp-json\/wp\/v2\/posts\/39272","targetHints":{"allow":["GET"]}}],"collection":[{"href":"https:\/\/tvc16.com\/portal\/wp-json\/wp\/v2\/posts"}],"about":[{"href":"https:\/\/tvc16.com\/portal\/wp-json\/wp\/v2\/types\/post"}],"author":[{"embeddable":true,"href":"https:\/\/tvc16.com\/portal\/wp-json\/wp\/v2\/users\/2"}],"replies":[{"embeddable":true,"href":"https:\/\/tvc16.com\/portal\/wp-json\/wp\/v2\/comments?post=39272"}],"version-history":[{"count":1,"href":"https:\/\/tvc16.com\/portal\/wp-json\/wp\/v2\/posts\/39272\/revisions"}],"predecessor-version":[{"id":39274,"href":"https:\/\/tvc16.com\/portal\/wp-json\/wp\/v2\/posts\/39272\/revisions\/39274"}],"wp:featuredmedia":[{"embeddable":true,"href":"https:\/\/tvc16.com\/portal\/wp-json\/wp\/v2\/media\/39273"}],"wp:attachment":[{"href":"https:\/\/tvc16.com\/portal\/wp-json\/wp\/v2\/media?parent=39272"}],"wp:term":[{"taxonomy":"category","embeddable":true,"href":"https:\/\/tvc16.com\/portal\/wp-json\/wp\/v2\/categories?post=39272"},{"taxonomy":"post_tag","embeddable":true,"href":"https:\/\/tvc16.com\/portal\/wp-json\/wp\/v2\/tags?post=39272"}],"curies":[{"name":"wp","href":"https:\/\/api.w.org\/{rel}","templated":true}]}}