{"id":3928,"date":"2020-10-26T15:10:53","date_gmt":"2020-10-26T15:10:53","guid":{"rendered":"https:\/\/tvc16.com\/portal\/?p=3928"},"modified":"2020-10-26T15:10:53","modified_gmt":"2020-10-26T15:10:53","slug":"representantes-da-industria-defendem-tributacao-mais-justa-para-o-segmento","status":"publish","type":"post","link":"https:\/\/tvc16.com\/portal\/2020\/10\/26\/representantes-da-industria-defendem-tributacao-mais-justa-para-o-segmento\/","title":{"rendered":"Representantes da ind\u00fastria defendem tributa\u00e7\u00e3o mais justa para o segmento"},"content":{"rendered":"\n<p>Reforma tribut\u00e1ria \u00e9 a oportunidade para que o setor seja menos onerado e volte a ser competitivo no mercado externo<\/p>\n\n\n\n<p>Representantes da ind\u00fastria defenderam em live nesta \u00faltima quinta-feira (22) um tratamento tribut\u00e1rio mais justo para o segmento. No evento \u201cInd\u00fastria em Debate: o que fazer para o Brasil voltar a crescer\u201d, eles ressaltaram que a reforma tribut\u00e1ria \u2013 algumas propostas est\u00e3o em discuss\u00e3o no Congresso Nacional \u2013 \u00e9 a melhor oportunidade para desonerar o setor e torn\u00e1-lo mais competitivo no mercado internacional.&nbsp;<\/p>\n\n\n\n<p>Robson Andrade, presidente da Confedera\u00e7\u00e3o Nacional da Ind\u00fastria (CNI), disse que, ao longo dos anos, alguns segmentos conseguiram regalias e prote\u00e7\u00e3o fiscal devido a um lobby intenso. Agora, ele acredita que existe uma maior conscientiza\u00e7\u00e3o das mudan\u00e7as que o pa\u00eds precisa passar, a come\u00e7ar pela reforma tribut\u00e1ria.&nbsp;<br>&nbsp;<br>\u201cN\u00e3o temos hoje uma agenda corporativa da ind\u00fastria. Temos uma agenda que \u00e9 uma agenda para o Brasil. Muitas vezes enfrentamos as corpora\u00e7\u00f5es internas, mas defendemos aquilo que pode ser melhor para o Brasil e para o povo brasileiro\u201d, destacou.&nbsp;<\/p>\n\n\n\n<p>L\u00edder do governo na C\u00e2mara dos Deputados, o deputado federal Ricardo Barros (PP-PR) concorda que deve haver uma equaliza\u00e7\u00e3o da tributa\u00e7\u00e3o sobre os diversos segmentos da economia. \u201cIsso j\u00e1 est\u00e1 sendo considerado, de que a tributa\u00e7\u00e3o deles precisa ser mais justa e a ind\u00fastria precisa ter uma redu\u00e7\u00e3o para que ela possa ser competitiva\u201d, aponta.<\/p>\n\n\n\n<p>Segundo Barros, para que isso ocorra \u00e9 necess\u00e1rio que os segmentos privilegiados estejam dispostos a contribuir um pouco mais, de forma que os setores mais onerados sejam mais competitivos e voltem a crescer. \u201cNunca se votou a reforma tribut\u00e1ria, porque cada um espera ter vantagens. Ela vai, na verdade, sacrificar a todos um pouco para que o conjunto possa ter um desempenho melhor\u201d.&nbsp;<\/p>\n\n\n\n<p><strong><a href=\"https:\/\/brasil61.com\/noticias\/representantes-da-industria-e-lider-do-governo-na-camara-debatem-caminhos-para-retomada-economica-do-pais-pind202221\">Representantes da ind\u00fastria e l\u00edder do governo na C\u00e2mara debatem caminhos para retomada econ\u00f4mica do pa\u00eds&nbsp;<\/a><\/strong><\/p>\n\n\n\n<p><strong><a href=\"https:\/\/brasil61.com\/noticias\/cni-e-especialistas-voltam-a-defender-reforma-tributaria-ampla-e-geral-e-criticam-nova-cpmf-pind202208\">CNI e especialistas voltam a defender reforma tribut\u00e1ria ampla e geral e criticam \u201cnova CPMF\u201d<\/a><\/strong><\/p>\n\n\n\n<h2 class=\"wp-block-heading\">Desenvolvimento<\/h2>\n\n\n\n<p>Presidente da Federa\u00e7\u00e3o das Ind\u00fastrias do Paran\u00e1, Carlos Valter Martins acredita que a retomada do crescimento econ\u00f4mico do pa\u00eds passa pelo incentivo \u00e0 atividade industrial e que a reforma tribut\u00e1ria pode ser um fator de peso nesse processo. \u201cPrecisamos ter uma alavancagem da ind\u00fastria de novo e isso passa pela redu\u00e7\u00e3o do custo brasil e da injusta carga tribut\u00e1ria que tem em cima do produto da ind\u00fastria, que, no final. \u00e9 injusto com o consumidor brasileiro tamb\u00e9m\u201d, destaca.<br>&nbsp;<br>Segundo o presidente da Abinee (Associa\u00e7\u00e3o Brasileira da Ind\u00fastria El\u00e9trica e Eletr\u00f4nica), a reforma \u00e9 uma grande oportunidade para que a ind\u00fastria do Pa\u00eds seja mais competitiva no mercado externo e preencha um \u201cv\u00e1cuo\u201d de produ\u00e7\u00e3o exposto pela pandemia. \u201cEfetivamente, a ind\u00fastria nesses \u00faltimos anos foi a que mais perdeu participa\u00e7\u00e3o no PIB (Produto Interno Bruto). Isso demonstra que alguma coisa est\u00e1 errada, porque pa\u00eds desenvolvido, tem ind\u00fastria desenvolvida\u201d, concluiu.<\/p>\n\n\n\n<h2 class=\"wp-block-heading\">Participa\u00e7\u00e3o<\/h2>\n\n\n\n<p>Embora represente 20,9% do PIB nacional, o segmento industrial \u00e9 respons\u00e1vel por 33% da arrecada\u00e7\u00e3o de tributos a n\u00edvel federal (exceto receitas previdenci\u00e1rias) e por 31,2% da arrecada\u00e7\u00e3o previdenci\u00e1ria patronal. Al\u00e9m disso, para cada R$ 1 produzido na ind\u00fastria, s\u00e3o gerados R$ 2,40 na economia brasileira. Na agricultura, esse retorno \u00e9 de R$ 1,66, e no Com\u00e9rcio e Servi\u00e7os, de R$ 1,49. &nbsp;<\/p>\n\n\n\n<p>Fonte: <a href=\"https:\/\/brasil61.com\/noticias\/representantes-da-industria-defendem-tributacao-mais-justa-para-o-segmento-pind202222?email=bethdeoliveira@yahoo.com.br&amp;utm_source=email_individual&amp;utm_medium=email_individual&amp;utm_campaign=email_individual\" target=\"_blank\" rel=\"noreferrer noopener\">Brasil 61<\/a><\/p>\n","protected":false},"excerpt":{"rendered":"<p>Reforma tribut\u00e1ria \u00e9 a oportunidade para que o setor seja menos onerado e volte a<\/p>\n","protected":false},"author":2,"featured_media":3929,"comment_status":"open","ping_status":"open","sticky":false,"template":"","format":"standard","meta":{"footnotes":""},"categories":[18],"tags":[],"class_list":["post-3928","post","type-post","status-publish","format-standard","has-post-thumbnail","hentry","category-economia"],"_links":{"self":[{"href":"https:\/\/tvc16.com\/portal\/wp-json\/wp\/v2\/posts\/3928","targetHints":{"allow":["GET"]}}],"collection":[{"href":"https:\/\/tvc16.com\/portal\/wp-json\/wp\/v2\/posts"}],"about":[{"href":"https:\/\/tvc16.com\/portal\/wp-json\/wp\/v2\/types\/post"}],"author":[{"embeddable":true,"href":"https:\/\/tvc16.com\/portal\/wp-json\/wp\/v2\/users\/2"}],"replies":[{"embeddable":true,"href":"https:\/\/tvc16.com\/portal\/wp-json\/wp\/v2\/comments?post=3928"}],"version-history":[{"count":1,"href":"https:\/\/tvc16.com\/portal\/wp-json\/wp\/v2\/posts\/3928\/revisions"}],"predecessor-version":[{"id":3930,"href":"https:\/\/tvc16.com\/portal\/wp-json\/wp\/v2\/posts\/3928\/revisions\/3930"}],"wp:featuredmedia":[{"embeddable":true,"href":"https:\/\/tvc16.com\/portal\/wp-json\/wp\/v2\/media\/3929"}],"wp:attachment":[{"href":"https:\/\/tvc16.com\/portal\/wp-json\/wp\/v2\/media?parent=3928"}],"wp:term":[{"taxonomy":"category","embeddable":true,"href":"https:\/\/tvc16.com\/portal\/wp-json\/wp\/v2\/categories?post=3928"},{"taxonomy":"post_tag","embeddable":true,"href":"https:\/\/tvc16.com\/portal\/wp-json\/wp\/v2\/tags?post=3928"}],"curies":[{"name":"wp","href":"https:\/\/api.w.org\/{rel}","templated":true}]}}