{"id":393,"date":"2020-09-12T17:35:09","date_gmt":"2020-09-12T17:35:09","guid":{"rendered":"https:\/\/tvc16.com\/portal\/?p=393"},"modified":"2020-09-12T17:35:09","modified_gmt":"2020-09-12T17:35:09","slug":"mam-rio-traz-novas-exposicoes-e-entrada-com-contribuicao-sugerida","status":"publish","type":"post","link":"https:\/\/tvc16.com\/portal\/2020\/09\/12\/mam-rio-traz-novas-exposicoes-e-entrada-com-contribuicao-sugerida\/","title":{"rendered":"MAM Rio traz novas exposi\u00e7\u00f5es e entrada com contribui\u00e7\u00e3o sugerida"},"content":{"rendered":"\n<h3 class=\"wp-block-heading\">Capacidade m\u00e1xima de visitantes ser\u00e1 de 200 pessoas por hora<\/h3>\n\n\n\n<h4 class=\"wp-block-heading\">Por Ana Cristina Campos \u2013 Rep\u00f3rter da Ag\u00eancia Brasil &#8211; Rio de Janeiro<\/h4>\n\n\n\n<p>Ap\u00f3s quase seis meses de portas fechadas, o Museu de Arte Moderna do Rio de Janeiro (MAM Rio), no Aterro do Flamengo, reabriu hoje (12) para o p\u00fablico em novo hor\u00e1rio de funcionamento de quinta a domingo. O museu teve as atividades suspensas por causa das medidas de isolamento social para evitar a propaga\u00e7\u00e3o do novo coronav\u00edrus (covid-19).<img decoding=\"async\" src=\"https:\/\/agenciabrasil.ebc.com.br\/ebc.png?id=1387746&amp;o=node\"><img decoding=\"async\" src=\"https:\/\/agenciabrasil.ebc.com.br\/ebc.gif?id=1387746&amp;o=node\"><\/p>\n\n\n\n<p>Esta reabertura traz algumas novidades como um cuidadoso protocolo de seguran\u00e7a para os visitantes, com a aferi\u00e7\u00e3o de temperatura na entrada, uso obrigat\u00f3rio de m\u00e1scara, tapetes sanitizantes, distanciamento orientado e totens de \u00e1lcool 70%, entre outras medidas.<\/p>\n\n\n\n<p>Neste retorno, o museu vai funcionar em novos hor\u00e1rios &#8211; quinta e sexta, das 13h \u00e0s 18h e s\u00e1bado e domingo, das 10h \u00e0s 18h &#8211; e com uma nova forma de entrada: sem cobran\u00e7a obrigat\u00f3ria de ingresso, a partir do modelo de contribui\u00e7\u00e3o sugerida.<\/p>\n\n\n\n<p>&#8220;Estamos comprometidos em servir a comunidade, abrindo nossas portas para a visita\u00e7\u00e3o de todos. Por isso, o ingresso ao museu passa a ser gratuito com contribui\u00e7\u00e3o sugerida&#8221;, disse, em nota, o diretor executivo do MAM Rio, Fabio Szwarcwald, &#8220;Os visitantes podem optar por pagar o valor sugerido, contribuir com outra quantia ou entrar de gra\u00e7a&#8221;.<\/p>\n\n\n\n<p>A arquitetura do MAM Rio possibilita aos visitantes um espa\u00e7o amplo de circula\u00e7\u00e3o tanto nas \u00e1reas expositivas, quanto nas \u00e1reas externas. Com isso, o museu vai controlar o fluxo de visitantes, \u00e0 capacidade m\u00e1xima de 200 visitantes\/hora, e gerenciar as medidas de distanciamento m\u00ednimo de 1,5 metro.<\/p>\n\n\n\n<p>\u201cUm grupo de trabalho multidisciplinar, envolvendo a produ\u00e7\u00e3o, educa\u00e7\u00e3o, design e museologia, foi montado para desenvolver os protocolos do MAM, incorporando recomenda\u00e7\u00f5es do Conselho Internacional de Museus e tamb\u00e9m outras medidas desenvolvidas em redes no Rio com a participa\u00e7\u00e3o do MAM, tanto para assegurar a volta dos p\u00fablicos, quanto dos funcion\u00e1rios\u201d, afirmou a diretora adjunta institucional, Lucimara Letelier.<\/p>\n\n\n\n<p>O museu reabriu com as exposi\u00e7\u00f5es&nbsp;<em>Irm\u00e3os Campana &#8211; 35 Revolu\u00e7\u00f5es<\/em>,&nbsp;<em>Wanda Pimentel&nbsp;<\/em>e a nova&nbsp;<em>Campos Interpostos<\/em>, as duas \u00faltimas com a curadoria de Fernando Cocchiarale e Fernanda Lopes.<\/p>\n\n\n\n<p>No \u00faltimo dia 5, foi o&nbsp;<a href=\"https:\/\/agenciabrasil.ebc.com.br\/geral\/noticia\/2020-09\/museu-do-amanha-reabre-no-rio-apos-quase-seis-meses-fechado\" target=\"_blank\" rel=\"noreferrer noopener\">Museu do Amanh\u00e3<\/a>, na Pra\u00e7a Mau\u00e1, zona portu\u00e1ria do Rio de Janeiro, que reabriu ao p\u00fablico.<\/p>\n\n\n\n<p>Edi\u00e7\u00e3o: Val\u00e9ria Aguiar<\/p>\n","protected":false},"excerpt":{"rendered":"<p>Capacidade m\u00e1xima de visitantes ser\u00e1 de 200 pessoas por hora Por Ana Cristina Campos \u2013<\/p>\n","protected":false},"author":2,"featured_media":394,"comment_status":"open","ping_status":"open","sticky":false,"template":"","format":"standard","meta":{"footnotes":""},"categories":[17],"tags":[],"class_list":["post-393","post","type-post","status-publish","format-standard","has-post-thumbnail","hentry","category-outras-noticias"],"_links":{"self":[{"href":"https:\/\/tvc16.com\/portal\/wp-json\/wp\/v2\/posts\/393","targetHints":{"allow":["GET"]}}],"collection":[{"href":"https:\/\/tvc16.com\/portal\/wp-json\/wp\/v2\/posts"}],"about":[{"href":"https:\/\/tvc16.com\/portal\/wp-json\/wp\/v2\/types\/post"}],"author":[{"embeddable":true,"href":"https:\/\/tvc16.com\/portal\/wp-json\/wp\/v2\/users\/2"}],"replies":[{"embeddable":true,"href":"https:\/\/tvc16.com\/portal\/wp-json\/wp\/v2\/comments?post=393"}],"version-history":[{"count":1,"href":"https:\/\/tvc16.com\/portal\/wp-json\/wp\/v2\/posts\/393\/revisions"}],"predecessor-version":[{"id":395,"href":"https:\/\/tvc16.com\/portal\/wp-json\/wp\/v2\/posts\/393\/revisions\/395"}],"wp:featuredmedia":[{"embeddable":true,"href":"https:\/\/tvc16.com\/portal\/wp-json\/wp\/v2\/media\/394"}],"wp:attachment":[{"href":"https:\/\/tvc16.com\/portal\/wp-json\/wp\/v2\/media?parent=393"}],"wp:term":[{"taxonomy":"category","embeddable":true,"href":"https:\/\/tvc16.com\/portal\/wp-json\/wp\/v2\/categories?post=393"},{"taxonomy":"post_tag","embeddable":true,"href":"https:\/\/tvc16.com\/portal\/wp-json\/wp\/v2\/tags?post=393"}],"curies":[{"name":"wp","href":"https:\/\/api.w.org\/{rel}","templated":true}]}}