{"id":3935,"date":"2020-10-26T15:15:55","date_gmt":"2020-10-26T15:15:55","guid":{"rendered":"https:\/\/tvc16.com\/portal\/?p=3935"},"modified":"2020-10-26T15:15:55","modified_gmt":"2020-10-26T15:15:55","slug":"covid-19-centros-imunologicos-recebem-incentivo-de-r-113-milhoes","status":"publish","type":"post","link":"https:\/\/tvc16.com\/portal\/2020\/10\/26\/covid-19-centros-imunologicos-recebem-incentivo-de-r-113-milhoes\/","title":{"rendered":"COVID-19: Centros Imunol\u00f3gicos recebem incentivo de R$ 113 milh\u00f5es"},"content":{"rendered":"\n<p>O investimento ser\u00e1 repassado em parcela \u00fanica do Fundo Nacional de Sa\u00fade aos Fundos estaduais, municipais e distrital, para execu\u00e7\u00e3o das a\u00e7\u00f5es<\/p>\n\n\n\n<p>Subsetores da Sa\u00fade p\u00fablica como os Centros de Refer\u00eancia para Imunobiol\u00f3gicos Especiais (CRIEs) que tratam pessoas com doen\u00e7as imunossupressoras, tratamentos de s\u00edndromes respirat\u00f3rias, as Unidades Sentinelas de vigil\u00e2ncia de S\u00edndrome Gripal (SG) e as Vigil\u00e2ncias Municipais<a href=\"https:\/\/www.gov.br\/saude\/pt-br\/saude-destina-mais-de-r-113-milhoes-para-acoes-de-imunizacao-e-de-vigilancia-em-saude\"> ser\u00e3o contempladas com o investimento de R$ 113 milh\u00f5es repassados pelo Minist\u00e9rio da Sa\u00fade.<\/a><\/p>\n\n\n\n<p>O investimento ser\u00e1 repassado em parcela \u00fanica do Fundo Nacional de Sa\u00fade aos Fundos estaduais, municipais e distrital, para execu\u00e7\u00e3o das a\u00e7\u00f5es.&nbsp;<\/p>\n\n\n\n<p>Do total, cerca de R$ 26 milh\u00f5es ser\u00e1 transferido \u00e0 revitaliza\u00e7\u00e3o dos CRIES. Pela primeira vez em 27 anos, os locais receber\u00e3o o valor empenhado em reformas, manuten\u00e7\u00f5es e aquisi\u00e7\u00e3o de insumos necess\u00e1rios.<\/p>\n\n\n\n<p><strong><a href=\"https:\/\/brasil61.com\/noticias\/seis-municipios-recebem-r-1-8-milhoes-de-emendas-parlamentares-para-saude-bras202290\">Seis munic\u00edpios recebem R$1,8 milh\u00f5es de emendas parlamentares para sa\u00fade<\/a><\/strong><\/p>\n\n\n\n<p><strong><a href=\"https:\/\/brasil61.com\/noticias\/ms-institui-incentivo-de-custeio-para-a-execucao-de-acoes-de-vigilancia-alerta-e-resposta-a-emergencia-da-covid-19-bras202276\">MS institui incentivo de custeio para a execu\u00e7\u00e3o de a\u00e7\u00f5es de vigil\u00e2ncia, alerta e resposta \u00e0 emerg\u00eancia da Covid-19<\/a><\/strong><\/p>\n\n\n\n<p><strong><a href=\"https:\/\/brasil61.com\/noticias\/postos-de-vacinacao-seguirao-medidas-de-seguranca-contra-a-covid-19-bras202316\">Postos de vacina\u00e7\u00e3o seguir\u00e3o medidas de seguran\u00e7a contra a Covid-19<\/a><\/strong><\/p>\n\n\n\n<p>De acordo com a t\u00e9cnica de Sa\u00fade da Confedera\u00e7\u00e3o Nacional dos Munic\u00edpios, Carla Albert, isso indica uma aten\u00e7\u00e3o especial que o governo quer destinar as pessoas com doen\u00e7as imunossupressoras, um dos principais p\u00fablicos de risco no caso do coronav\u00edrus.<\/p>\n\n\n\n<p>\u201cEsse tipo de servi\u00e7o atende, por exemplo, pessoas que vivem com HIV\/Aids, hepatite e outras doen\u00e7as cr\u00f4nicas. A Confedera\u00e7\u00e3o entende que todo refor\u00e7o financeiro \u00e9 de extrema import\u00e2ncia\u201d, avalia.<\/p>\n\n\n\n<p>Outra parte do incentivo total, cerca de R$ 87 milh\u00f5es, ir\u00e1 proporcionar o aprimoramento da detec\u00e7\u00e3o, an\u00e1lise e avalia\u00e7\u00e3o das s\u00edndromes respirat\u00f3rias agudas, para preven\u00e7\u00e3o e controle da influenza e outros v\u00edrus respirat\u00f3rios, incluindo a Covid-19.&nbsp;<\/p>\n\n\n\n<p>A execu\u00e7\u00e3o dos recursos dever\u00e1 ocorrer at\u00e9 o final de 2021. O monitoramento da execu\u00e7\u00e3o ser\u00e1 feito pela Coordena\u00e7\u00e3o-Geral do Programa Nacional de Imuniza\u00e7\u00f5es (CGPNI) e a presta\u00e7\u00e3o de contas via Relat\u00f3rio Anual de Gest\u00e3o (RAG).<br>&nbsp;<\/p>\n\n\n\n<p>Fonte: <a href=\"https:\/\/brasil61.com\/noticias\/covid-19-centros-imunologicos-recebem-incentivo-de-r-113-milhoes-bras202348?email=bethdeoliveira@yahoo.com.br&amp;utm_source=newsletter&amp;utm_medium=newsletter&amp;utm_campaign=newsletter\" target=\"_blank\" rel=\"noreferrer noopener\">Brasil 61<\/a><\/p>\n","protected":false},"excerpt":{"rendered":"<p>O investimento ser\u00e1 repassado em parcela \u00fanica do Fundo Nacional de Sa\u00fade aos Fundos estaduais,<\/p>\n","protected":false},"author":2,"featured_media":3936,"comment_status":"open","ping_status":"open","sticky":false,"template":"","format":"standard","meta":{"footnotes":""},"categories":[14],"tags":[],"class_list":["post-3935","post","type-post","status-publish","format-standard","has-post-thumbnail","hentry","category-pais"],"_links":{"self":[{"href":"https:\/\/tvc16.com\/portal\/wp-json\/wp\/v2\/posts\/3935","targetHints":{"allow":["GET"]}}],"collection":[{"href":"https:\/\/tvc16.com\/portal\/wp-json\/wp\/v2\/posts"}],"about":[{"href":"https:\/\/tvc16.com\/portal\/wp-json\/wp\/v2\/types\/post"}],"author":[{"embeddable":true,"href":"https:\/\/tvc16.com\/portal\/wp-json\/wp\/v2\/users\/2"}],"replies":[{"embeddable":true,"href":"https:\/\/tvc16.com\/portal\/wp-json\/wp\/v2\/comments?post=3935"}],"version-history":[{"count":1,"href":"https:\/\/tvc16.com\/portal\/wp-json\/wp\/v2\/posts\/3935\/revisions"}],"predecessor-version":[{"id":3937,"href":"https:\/\/tvc16.com\/portal\/wp-json\/wp\/v2\/posts\/3935\/revisions\/3937"}],"wp:featuredmedia":[{"embeddable":true,"href":"https:\/\/tvc16.com\/portal\/wp-json\/wp\/v2\/media\/3936"}],"wp:attachment":[{"href":"https:\/\/tvc16.com\/portal\/wp-json\/wp\/v2\/media?parent=3935"}],"wp:term":[{"taxonomy":"category","embeddable":true,"href":"https:\/\/tvc16.com\/portal\/wp-json\/wp\/v2\/categories?post=3935"},{"taxonomy":"post_tag","embeddable":true,"href":"https:\/\/tvc16.com\/portal\/wp-json\/wp\/v2\/tags?post=3935"}],"curies":[{"name":"wp","href":"https:\/\/api.w.org\/{rel}","templated":true}]}}