{"id":3938,"date":"2020-10-26T15:17:29","date_gmt":"2020-10-26T15:17:29","guid":{"rendered":"https:\/\/tvc16.com\/portal\/?p=3938"},"modified":"2020-10-26T15:17:29","modified_gmt":"2020-10-26T15:17:29","slug":"pesquisa-aponta-que-pais-gasta-r-1-39853-em-despesas-relacionadas-a-saude-publica-por-habitante","status":"publish","type":"post","link":"https:\/\/tvc16.com\/portal\/2020\/10\/26\/pesquisa-aponta-que-pais-gasta-r-1-39853-em-despesas-relacionadas-a-saude-publica-por-habitante\/","title":{"rendered":"Pesquisa aponta que pa\u00eds gasta R$ 1.398,53 em despesas relacionadas \u00e0 sa\u00fade p\u00fablica por habitante"},"content":{"rendered":"\n<p>Gasto per capita di\u00e1rio no pa\u00eds com o SUS foi de R$ 3,83 no ano passado, ante R$ 3,79 em 2018<\/p>\n\n\n\n<p>Pesquisa do Conselho Federal de Medicina (CFM) aponta que, em 2019, as esferas federal, estadual e municipal gastaram R$ 1.398,53 em despesas relacionadas \u00e0 sa\u00fade p\u00fablica por habitante. Em 2018, esse valor foi de R$ 1.382,29. Diariamente, o gasto per capita no pa\u00eds com o SUS foi de R$ 3,83 no ano passado, ante R$ 3,79 em 2018. O levantamento do CFM foi feito em parceria com a ONG Contas Abertas e considerou informa\u00e7\u00f5es prestadas no Sistema de Informa\u00e7\u00f5es sobre os Or\u00e7amentos P\u00fablicos em Sa\u00fade (Siops), mantido pelo Minist\u00e9rio da Sa\u00fade.&nbsp;<\/p>\n\n\n\n<p>A legisla\u00e7\u00e3o brasileira estabelece que estados e o Distrito Federal devem gastar pelo menos 12% de seus or\u00e7amentos com Sa\u00fade. No caso da Uni\u00e3o, segundo a Constitui\u00e7\u00e3o Federal, os gastos m\u00ednimos na \u00e1rea devem corresponder a 15% da receita corrente l\u00edquida.&nbsp;<\/p>\n\n\n\n<p>Donizetti Giamberardino, vice-presidente do CFM, afirma que o investimento p\u00fablico em sa\u00fade no Brasil est\u00e1 muito abaixo do observado em pa\u00edses ricos. Segundo ele, outro gargalo no setor est\u00e1 relacionado \u00e0 m\u00e1 qualidade no atendimento na aten\u00e7\u00e3o prim\u00e1ria em munic\u00edpios pequenos, o que faz com que hospitais de cidades maiores fiquem sobrecarregados.&nbsp;<\/p>\n\n\n\n<p>\u201cSe n\u00f3s tiv\u00e9ssemos uma aten\u00e7\u00e3o prim\u00e1ria eficiente, essas pessoas n\u00e3o precisariam se dirigir aos centros de sa\u00fade especializados, em busca de leitos hospitalares com a frequ\u00eancia que ocorre no Brasil.\u201d<\/p>\n\n\n\n<figure class=\"wp-block-image\"><img decoding=\"async\" src=\"\/\/s3-sa-east-1.amazonaws.com\/agencia-radio-arb\/3040\/content_WhatsApp_Image_2020-10-21_at_11.00.52.jpeg\" alt=\"\"\/><\/figure>\n\n\n\n<p><strong><a href=\"https:\/\/brasil61.com\/noticias\/pandemia-reduz-exames-de-mama-no-sus-em-62-diz-pesquisa-bras202274\" target=\"_blank\" rel=\"noreferrer noopener\">Pandemia reduz exames de mama no SUS em 62%, diz pesquisa<\/a><\/strong><\/p>\n\n\n\n<p><strong><a href=\"https:\/\/brasil61.com\/noticias\/municipios-mantem-alta-em-relacao-a-contratacoes-de-profissionais-de-saude-aponta-iess-bras201900\" target=\"_blank\" rel=\"noreferrer noopener\">Munic\u00edpios mant\u00eam alta em rela\u00e7\u00e3o a contrata\u00e7\u00f5es de profissionais de sa\u00fade, aponta IESS<\/a><\/strong><\/p>\n\n\n\n<h2 class=\"wp-block-heading\">Mundo<\/h2>\n\n\n\n<p>Comparado a outras na\u00e7\u00f5es que possuem sistema p\u00fablico de sa\u00fade, os gastos na \u00e1rea por pessoa no Brasil s\u00e3o bastante inferiores. De acordo com a Organiza\u00e7\u00e3o Mundial da Sa\u00fade (OMS), em 2017, foram gastos US$ 389 por pessoa no pa\u00eds. No Canad\u00e1, esse valor foi de US$ 3.505; na Fran\u00e7a os gastos chegaram a US$ 3.376. No ranking, o Brasil perde at\u00e9 mesmo para a Argentina, onde o Poder P\u00fablico gastou US$ 959 tr\u00eas anos atr\u00e1s.<\/p>\n\n\n\n<p>Carla Pintas, professora de Sa\u00fade Coletiva na Universidade de Bras\u00edlia (UnB), afirma que o Governo Federal, estados e Uni\u00e3o precisam criar mecanismos para inverter o subfinanciamento no SUS. A docente acredita que, com a pandemia da Covid-19, foi demonstrada a import\u00e2ncia de estados e munic\u00edpios em reivindicar mais recursos na \u00e1rea.&nbsp;<\/p>\n\n\n\n<p>\u201cA pandemia comprovou que novos recursos foram injetados na sa\u00fade, para a aquisi\u00e7\u00e3o de materiais, insumos que, obviamente, aumentaram de forma exponencial, al\u00e9m de repasses para a constru\u00e7\u00e3o de unidades de sa\u00fade e abertura de leitos de Unidades de Terapia Intensiva (UTI).\u201d&nbsp;<\/p>\n\n\n\n<p>O CFM tamb\u00e9m afirma que os investimentos na sa\u00fade p\u00fablica brasileira est\u00e3o bem abaixo do necess\u00e1rio, especialmente diante do crescimento do desemprego e da crise econ\u00f4mica. Al\u00e9m disso, segundo a entidade, milh\u00f5es de brasileiros est\u00e3o abandonando os planos de sa\u00fade, por falta de dinheiro, o que gera um aumento na procura do atendimento p\u00fablico.&nbsp;<br>&nbsp;<\/p>\n\n\n\n<p>Fonte: <a href=\"https:\/\/brasil61.com\/noticias\/pesquisa-aponta-que-pais-gasta-r-1-398-53-em-despesas-relacionadas-a-saude-publica-por-habitante-bras202325?email=bethdeoliveira@yahoo.com.br&amp;utm_source=newsletter&amp;utm_medium=newsletter&amp;utm_campaign=newsletter\" target=\"_blank\" rel=\"noreferrer noopener\">Brasil 61<\/a><\/p>\n","protected":false},"excerpt":{"rendered":"<p>Gasto per capita di\u00e1rio no pa\u00eds com o SUS foi de R$ 3,83 no ano<\/p>\n","protected":false},"author":2,"featured_media":3939,"comment_status":"open","ping_status":"open","sticky":false,"template":"","format":"standard","meta":{"footnotes":""},"categories":[13],"tags":[],"class_list":["post-3938","post","type-post","status-publish","format-standard","has-post-thumbnail","hentry","category-saude"],"_links":{"self":[{"href":"https:\/\/tvc16.com\/portal\/wp-json\/wp\/v2\/posts\/3938","targetHints":{"allow":["GET"]}}],"collection":[{"href":"https:\/\/tvc16.com\/portal\/wp-json\/wp\/v2\/posts"}],"about":[{"href":"https:\/\/tvc16.com\/portal\/wp-json\/wp\/v2\/types\/post"}],"author":[{"embeddable":true,"href":"https:\/\/tvc16.com\/portal\/wp-json\/wp\/v2\/users\/2"}],"replies":[{"embeddable":true,"href":"https:\/\/tvc16.com\/portal\/wp-json\/wp\/v2\/comments?post=3938"}],"version-history":[{"count":1,"href":"https:\/\/tvc16.com\/portal\/wp-json\/wp\/v2\/posts\/3938\/revisions"}],"predecessor-version":[{"id":3940,"href":"https:\/\/tvc16.com\/portal\/wp-json\/wp\/v2\/posts\/3938\/revisions\/3940"}],"wp:featuredmedia":[{"embeddable":true,"href":"https:\/\/tvc16.com\/portal\/wp-json\/wp\/v2\/media\/3939"}],"wp:attachment":[{"href":"https:\/\/tvc16.com\/portal\/wp-json\/wp\/v2\/media?parent=3938"}],"wp:term":[{"taxonomy":"category","embeddable":true,"href":"https:\/\/tvc16.com\/portal\/wp-json\/wp\/v2\/categories?post=3938"},{"taxonomy":"post_tag","embeddable":true,"href":"https:\/\/tvc16.com\/portal\/wp-json\/wp\/v2\/tags?post=3938"}],"curies":[{"name":"wp","href":"https:\/\/api.w.org\/{rel}","templated":true}]}}