{"id":3941,"date":"2020-10-26T15:18:44","date_gmt":"2020-10-26T15:18:44","guid":{"rendered":"https:\/\/tvc16.com\/portal\/?p=3941"},"modified":"2020-10-26T15:18:44","modified_gmt":"2020-10-26T15:18:44","slug":"30-dos-estabelecimentos-nao-vao-abrir-as-portas-diz-diretor-da-abrasel","status":"publish","type":"post","link":"https:\/\/tvc16.com\/portal\/2020\/10\/26\/30-dos-estabelecimentos-nao-vao-abrir-as-portas-diz-diretor-da-abrasel\/","title":{"rendered":"\u201c30% dos estabelecimentos n\u00e3o v\u00e3o abrir as portas\u201d, diz diretor da Abrasel"},"content":{"rendered":"\n<p>Faturamento do setor de bares e restaurantes caiu quase a metade o que fez com que parte dos empres\u00e1rios fechassem os estabelecimentos definitivamente<\/p>\n\n\n\n<p>Ap\u00f3s sete meses de quarentena em raz\u00e3o da pandemia do novo&nbsp;coronav\u00edrus, os setores econ\u00f4micos de todo mundo precisaram se reinventar. Mesmo com todas as solu\u00e7\u00f5es encontradas para os estabelecimentos aliment\u00edcios, a Associa\u00e7\u00e3o Nacional de Restaurantes (ANR)&nbsp;calcula que dois milh\u00f5es de trabalhadores formais, em todo Brasil, foram demitidos&nbsp;para equilibrar as contas negativas.<\/p>\n\n\n\n<p>Mesmo ap\u00f3s a reabertura gradual dos servi\u00e7os, de acordo com o diretor da Associa\u00e7\u00e3o Brasileira de Bares e Restaurantes (Abrasel),&nbsp;Jos\u00e9 Eduardo Camargo, o faturamento do setor caiu quase a metade, o que fez com que parte dos empres\u00e1rios fechassem os estabelecimentos definitivamente.<\/p>\n\n\n\n<p>\u201cO que as nossas pesquisas tem apontado \u00e9 de que houve uma recupera\u00e7\u00e3o em setembro, de faturamento, principalmente por conta da permiss\u00e3o de abertura em&nbsp;algumas cidades e da extens\u00e3o do hor\u00e1rio. No entanto o faturamento&nbsp;est\u00e1 bem abaixo do mesmo per\u00edodo do ano passado. Isso para aqueles que reabriram, porque a gente estima que 30% dos estabelecimentos n\u00e3o v\u00e3o abrir as portas\u201d, avalia.&nbsp;<\/p>\n\n\n\n<p>As pesquisas ainda mostram&nbsp;que no momento, os empres\u00e1rios est\u00e3o temerosos em contratar&nbsp;pessoal. Situa\u00e7\u00e3o que a Associa\u00e7\u00e3o espera mudar com a chegada de fim de ano.&nbsp;Segundo Fernando&nbsp;Blower, diretor executivo da Associa\u00e7\u00e3o Nacional de Restaurantes (ANR), a recupera\u00e7\u00e3o total do setor est\u00e1&nbsp;longe. De acordo com ele, os n\u00edveis de 2019&nbsp;s\u00f3 voltar\u00e3o aser uma realidade&nbsp;em 2022.<\/p>\n\n\n\n<p>\u201cA recupera\u00e7\u00e3o&nbsp;dos estabelecimentos aliment\u00edcios&nbsp;dependente,&nbsp;sobretudo, de se ter uma vacina ou n\u00e3o. Caso n\u00e3o tenha ou&nbsp;demore,&nbsp;essa retomada ser\u00e1&nbsp;lenta. Nossas previs\u00f5es, acompanhando o cen\u00e1rio econ\u00f4mico no Brasil como um todo \u00e9 de&nbsp;que s\u00f3 em 2022 retomemos os n\u00edveis&nbsp;pr\u00e9-pandemia\u201d, alertou.&nbsp;<\/p>\n\n\n\n<p>Ainda de acordo com os levantamentos das associa\u00e7\u00f5es, odesempenho&nbsp;dos restaurantes varia&nbsp;de acordo com o tipo de servi\u00e7o, a localiza\u00e7\u00e3o e o p\u00fablico-alvo. Restaurantes voltados para classes A e B enfrentam mais dificuldades, apresentando quedas de 65% a 70% em vendas em compara\u00e7\u00e3o com o per\u00edodo&nbsp;pr\u00e9-pandemia. J\u00e1&nbsp;restaurantes voltados para classes C e D se recuperam mais rapidamente, com queda de 20%.<\/p>\n\n\n\n<figure class=\"wp-block-image\"><img decoding=\"async\" src=\"\/\/s3-sa-east-1.amazonaws.com\/agencia-radio-arb\/3048\/content_perdas-setor-restaurante.png\" alt=\"\"\/><\/figure>\n\n\n\n<p>Fonte: <a href=\"https:\/\/brasil61.com\/noticias\/30-dos-estabelecimentos-nao-vao-abrir-as-portas-diz-diretor-da-abrasel-bras202327?email=bethdeoliveira@yahoo.com.br&amp;utm_source=newsletter&amp;utm_medium=newsletter&amp;utm_campaign=newsletter\" target=\"_blank\" rel=\"noreferrer noopener\">Brasil 61<\/a><\/p>\n","protected":false},"excerpt":{"rendered":"<p>Faturamento do setor de bares e restaurantes caiu quase a metade o que fez com<\/p>\n","protected":false},"author":2,"featured_media":3942,"comment_status":"open","ping_status":"open","sticky":false,"template":"","format":"standard","meta":{"footnotes":""},"categories":[18],"tags":[],"class_list":["post-3941","post","type-post","status-publish","format-standard","has-post-thumbnail","hentry","category-economia"],"_links":{"self":[{"href":"https:\/\/tvc16.com\/portal\/wp-json\/wp\/v2\/posts\/3941","targetHints":{"allow":["GET"]}}],"collection":[{"href":"https:\/\/tvc16.com\/portal\/wp-json\/wp\/v2\/posts"}],"about":[{"href":"https:\/\/tvc16.com\/portal\/wp-json\/wp\/v2\/types\/post"}],"author":[{"embeddable":true,"href":"https:\/\/tvc16.com\/portal\/wp-json\/wp\/v2\/users\/2"}],"replies":[{"embeddable":true,"href":"https:\/\/tvc16.com\/portal\/wp-json\/wp\/v2\/comments?post=3941"}],"version-history":[{"count":1,"href":"https:\/\/tvc16.com\/portal\/wp-json\/wp\/v2\/posts\/3941\/revisions"}],"predecessor-version":[{"id":3943,"href":"https:\/\/tvc16.com\/portal\/wp-json\/wp\/v2\/posts\/3941\/revisions\/3943"}],"wp:featuredmedia":[{"embeddable":true,"href":"https:\/\/tvc16.com\/portal\/wp-json\/wp\/v2\/media\/3942"}],"wp:attachment":[{"href":"https:\/\/tvc16.com\/portal\/wp-json\/wp\/v2\/media?parent=3941"}],"wp:term":[{"taxonomy":"category","embeddable":true,"href":"https:\/\/tvc16.com\/portal\/wp-json\/wp\/v2\/categories?post=3941"},{"taxonomy":"post_tag","embeddable":true,"href":"https:\/\/tvc16.com\/portal\/wp-json\/wp\/v2\/tags?post=3941"}],"curies":[{"name":"wp","href":"https:\/\/api.w.org\/{rel}","templated":true}]}}