{"id":3944,"date":"2020-10-26T15:20:47","date_gmt":"2020-10-26T15:20:47","guid":{"rendered":"https:\/\/tvc16.com\/portal\/?p=3944"},"modified":"2020-10-26T15:20:47","modified_gmt":"2020-10-26T15:20:47","slug":"retomada-da-economia-do-brasil-no-pos-pandemia-sera-melhor-com-bom-desempenho-das-micro-e-pequenas-empresas","status":"publish","type":"post","link":"https:\/\/tvc16.com\/portal\/2020\/10\/26\/retomada-da-economia-do-brasil-no-pos-pandemia-sera-melhor-com-bom-desempenho-das-micro-e-pequenas-empresas\/","title":{"rendered":"Retomada da economia do Brasil no p\u00f3s-pandemia ser\u00e1 melhor com bom desempenho das micro e pequenas empresas"},"content":{"rendered":"\n<p>Iniciativa do Sebrae pretende melhorar ambiente de neg\u00f3cios por meio da implanta\u00e7\u00e3o de pol\u00edticas p\u00fablicas e a\u00e7\u00f5es de desenvolvimento para os pequenos empreendimentos<\/p>\n\n\n\n<p>Para proporcionar bons resultados ao empreendedorismo, gerando mais emprego e renda, a atividade econ\u00f4mica do Brasil precisa superar entraves que afetam diretamente o ambiente de neg\u00f3cios no pa\u00eds. Para isso, o Servi\u00e7o Brasileiro de Apoio \u00e0s Micro e Pequenas Empresas <a href=\"https:\/\/www.sebrae.com.br\/sites\/PortalSebrae\">(Sebrae)<\/a> desenvolveu o programa <a href=\"https:\/\/m.sebrae.com.br\/sites\/PortalSebrae\/ufs\/ms\/sebraeaz\/programa-cidade-empreendedora-transforme-a-realidade-do-seu-municipio,24da919b97f12610VgnVCM1000004c00210aRCRD#:~:text=Os%20interessados%20dever%C3%A3o%20contatar%20o,apresenta%C3%A7%C3%A3o%20do%20PROGRAMA%20CIDADE%20EMPREENDEDORA.\">Cidade Empreendedora<\/a>, voltado para a gest\u00e3o p\u00fablica dos munic\u00edpios e lideran\u00e7as locais.<\/p>\n\n\n\n<p>O objetivo da iniciativa \u00e9 melhorar o ambiente de neg\u00f3cios por meio da implanta\u00e7\u00e3o de pol\u00edticas p\u00fablicas e a\u00e7\u00f5es de desenvolvimento para os pequenos empreendimentos, fazendo com que os benef\u00edcios da <a href=\"https:\/\/www.sebrae.com.br\/sites\/PortalSebrae\/sebraeaz\/lei-geral-completa-10-anos-e-beneficia-milhoes-de-empresas,baebd455e8d08410VgnVCM2000003c74010aRCRD#:~:text=A%20Lei%20Geral%2C%20tamb%C3%A9m%20conhecida,conforme%20disposto%20na%20Constitui%C3%A7%C3%A3o%20Federal.\">Lei Geral das MPEs<\/a> sejam implantados nas cidades brasileiras.<\/p>\n\n\n\n<p>Paulo Miota, gerente da unidade de Desenvolvimento Territorial do Sebrae, explica que entre as estrat\u00e9gias est\u00e1 a identifica\u00e7\u00e3o do potencial de cada munic\u00edpio, que pode ajudar os gestores a desenvolverem pol\u00edticas voltadas para determinado setor que seja mais favor\u00e1vel para a regi\u00e3o.<\/p>\n\n\n\n<p>\u201cSe a voca\u00e7\u00e3o da cidade \u00e9 Turismo, est\u00e3o vamos \u00e0 dica 8 (Setores Econ\u00f4micos \u2013 Rotas de Turismo). Mas se o forte da cidade \u00e9 agricultura familiar, ent\u00e3o vamos estimular cooperativas que v\u00e3o vender para a regi\u00e3o inteira alimentos destinados \u00e0 merenda escolar. Hoje, estamos organizando toda uma intelig\u00eancia territorial para ajudar a fazer isso\u201d. E o Sebrae Estadual det\u00e9m todo o saber para executar isso de forma eficiente, pontua Miota.<\/p>\n\n\n\n<p>O Programa cont\u00e9m dez projetos interligados. Para cada um deles \u00e9 ofertado um pacote de produtos para que os munic\u00edpios possam fortalecer o desenvolvimento, permitindo o aprimoramento cont\u00ednuo do ambiente de neg\u00f3cios. Cada produto possui sua metodologia formatada, que permite atender a diferentes munic\u00edpios dentro de suas realidades locais.<\/p>\n\n\n\n<figure class=\"wp-block-embed-youtube wp-block-embed is-type-rich is-provider-incorporar-manipulador wp-embed-aspect-16-9 wp-has-aspect-ratio\"><div class=\"wp-block-embed__wrapper\">\n<iframe loading=\"lazy\" title=\"Import\u00e2ncia da Sala do Empreendedor (Sebrae)\" width=\"640\" height=\"360\" src=\"https:\/\/www.youtube.com\/embed\/l22sjmgq0Bo?feature=oembed\" frameborder=\"0\" allow=\"accelerometer; autoplay; clipboard-write; encrypted-media; gyroscope; picture-in-picture; web-share\" referrerpolicy=\"strict-origin-when-cross-origin\" allowfullscreen><\/iframe>\n<\/div><\/figure>\n\n\n\n<p>Al\u00e9m disso, o economista C\u00e9sar Bergo avalia que os donos de micro e pequenos empres\u00e1rios precisam do apoio de prefeitos e vereadores no que diz respeito \u00e0 desburocratiza\u00e7\u00e3o. Para o especialista, uma das principais medidas \u00e9 a redu\u00e7\u00e3o de exig\u00eancia de documentos para a abertura desses empreendimentos.<\/p>\n\n\n\n<p>\u201cVoc\u00ea tamb\u00e9m pode facilitar a vida do empres\u00e1rio de pequeno neg\u00f3cio com a quest\u00e3o da infraestrutura e da melhoria das condi\u00e7\u00f5es das cidades. Com isso, o ambiente de neg\u00f3cios fica mais favor\u00e1vel. \u00c9 importante tamb\u00e9m que sejam votadas leis que apoiem esse segmento, que emprega bastante, e \u00e9 de fundamental import\u00e2ncia para todos os munic\u00edpios\u201d, defende Bergo.&nbsp;<\/p>\n\n\n\n<p>No contexto da pandemia do novo coronav\u00edrus, no qual surgiram in\u00fameros problemas para gestores e empreendedores, o programa destaca a import\u00e2ncia do diagn\u00f3stico da situa\u00e7\u00e3o municipal para a tomada de decis\u00f5es. Nesse caso, uma dica \u00e9 que o prefeito (a) e o empreendedor (a) modernizem os servi\u00e7os prestados, implementando uma transforma\u00e7\u00e3o digital. De acordo com o documento, isso vai permitir mais agilidade, seguran\u00e7a e economia no atendimento de demandas.<\/p>\n\n\n\n<h2 class=\"wp-block-heading\"><img decoding=\"async\" alt=\"\" src=\"\/\/s3-sa-east-1.amazonaws.com\/agencia-radio-arb\/3044\/content_APOIE-O-EMPREENDEDOR.png\"><br>&nbsp;<br>Driblando a crise<\/h2>\n\n\n\n<p>Com o isolamento social ocasionado pelo aumento do n\u00famero de casos da Covid-19, empreendedores brasileiros se viram apertados para tentar manter os neg\u00f3cios funcionando e as contas em dia. Diante dessa situa\u00e7\u00e3o, a empres\u00e1ria Jana\u00edna Oliveira, de 34 anos, propriet\u00e1ria da loja Aruba Praia &amp; Fitness, teve que elaborar novas estrat\u00e9gias de venda.<\/p>\n\n\n\n<p>Ao perceber a import\u00e2ncia das m\u00eddias digitais para seu neg\u00f3cio, Janaina buscou aperfei\u00e7oar suas habilidades na \u00e1rea com o programa Travessia, desenvolvido pelo Sebrae em Goi\u00e1s.<\/p>\n\n\n\n<p>\u201cTivemos consultorias em tr\u00eas aspectos: m\u00eddias sociais, gest\u00e3o financeira e design thinking. Eu pude perceber onde eu posso melhorar. Por um lado, foi muito significativo ver quantas coisas j\u00e1 estavam no caminho certo\u201d, afirma a empreendedora de Vian\u00f3polis (GO).<\/p>\n\n\n\n<p>\u201cIntensificamos muito as vendas online, disponibilizamos muitas entrega, principalmente quando a loja estava fechada. Adotamos o esquema de sacolas e malhinhas para o cliente provar as pe\u00e7as em casa. Realizamos muito mais a\u00e7\u00f5es nas redes sociais\u201d, complementa Jana\u00edna.<\/p>\n\n\n\n<h2 class=\"wp-block-heading\">Ajuda ao gestor e \u00e0 micro e pequena empresa<\/h2>\n\n\n\n<p>Para auxiliar os pequenos empreendimentos a terem mais visibilidade, o Sebrae lan\u00e7ou o documento <a href=\"https:\/\/www.sebrae.com.br\/sites\/PortalSebrae\/parceirodomunicipio\">Guia do Candidato Empreendedor<\/a>, com o apoio da Frente Parlamentar Mista da Micro e Pequena Empresa, da Confedera\u00e7\u00e3o Nacional dos Munic\u00edpios <a href=\"https:\/\/www.cnm.org.br\/\">(CNM)<\/a>, da Frente Nacional de Prefeitos <a href=\"https:\/\/www.fnp.org.br\/\">(FNP)<\/a>, do Instituto Rui Barbosa, com a Associa\u00e7\u00e3o Nacional dos Membros do <a href=\"https:\/\/www.conamp.org.br\/pt\/\">Minist\u00e9rio P\u00fablico<\/a> e da Associa\u00e7\u00e3o dos Membros dos <a href=\"https:\/\/www.atricon.org.br\/\">Tribunais de Contas do Brasil.<\/a><\/p>\n\n\n\n<p><a href=\"https:\/\/brasil61.com\/noticias\/desburocratizacao-para-micro-e-pequenos-negocios-pode-dar-folego-a-economia-no-pos-pandemia-sebr200007\"><strong>Desburocratiza\u00e7\u00e3o para micro e pequenos neg\u00f3cios pode dar f\u00f4lego \u00e0 economia no p\u00f3s-pandemia<\/strong><\/a><\/p>\n\n\n\n<p><a href=\"https:\/\/brasil61.com\/noticias\/a-micro-e-pequena-empresa-e-a-teia-que-sustenta-qualquer-pais-afirma-presidente-do-sebrae-bras202155\"><strong>\u201cA micro e pequena empresa \u00e9 a teia que sustenta qualquer pa\u00eds\u201d, afirma presidente do Sebrae<\/strong><\/a><\/p>\n\n\n\n<p><a href=\"https:\/\/brasil61.com\/noticias\/candidatos-as-eleicoes-municipais-tem-desafio-de-fomentar-pequenos-negocios-e-retomar-economia-sebr200003\"><strong>Candidatos \u00e0s elei\u00e7\u00f5es municipais t\u00eam desafio de fomentar pequenos neg\u00f3cios e retomar economia<\/strong><\/a><\/p>\n\n\n\n<p>O documento, intitulado \u201cSeja um candidato empreendedor \u2013 10 dicas do Sebrae\u201d, trata-se de um compilado de informa\u00e7\u00f5es que podem auxiliar candidatos (as) a prefeito (a) e vereador (a) nas elei\u00e7\u00f5es municipais deste ano. A dica \u00e9 valorizar os pequenos neg\u00f3cios, j\u00e1 que esses empreendimentos s\u00e3o relevantes no processo de gera\u00e7\u00e3o de emprego e renda.&nbsp;<\/p>\n\n\n\n<p>Entre as orienta\u00e7\u00f5es est\u00e1 a inclus\u00e3o do desenvolvimento econ\u00f4mico na agenda de prioridades da gest\u00e3o municipal, a constru\u00e7\u00e3o de parcerias com o setor produtivo, o investimento em programas de desenvolvimento a partir das voca\u00e7\u00f5es e proporcionar a formaliza\u00e7\u00e3o de empreendimento e de Micro e Pequenas Empresas.<\/p>\n\n\n\n<p>Fonte: <a href=\"https:\/\/brasil61.com\/noticias\/retomada-da-economia-do-brasil-no-pos-pandemia-sera-melhor-com-bom-desempenho-das-micro-e-pequenas-empresas-sebr200012?email=bethdeoliveira@yahoo.com.br&amp;utm_source=email_individual&amp;utm_medium=email_individual&amp;utm_campaign=email_individual\" target=\"_blank\" rel=\"noreferrer noopener\">Brasil 61<\/a><\/p>\n","protected":false},"excerpt":{"rendered":"<p>Iniciativa do Sebrae pretende melhorar ambiente de neg\u00f3cios por meio da implanta\u00e7\u00e3o de pol\u00edticas p\u00fablicas<\/p>\n","protected":false},"author":2,"featured_media":3946,"comment_status":"open","ping_status":"open","sticky":false,"template":"","format":"standard","meta":{"footnotes":""},"categories":[18],"tags":[],"class_list":["post-3944","post","type-post","status-publish","format-standard","has-post-thumbnail","hentry","category-economia"],"_links":{"self":[{"href":"https:\/\/tvc16.com\/portal\/wp-json\/wp\/v2\/posts\/3944","targetHints":{"allow":["GET"]}}],"collection":[{"href":"https:\/\/tvc16.com\/portal\/wp-json\/wp\/v2\/posts"}],"about":[{"href":"https:\/\/tvc16.com\/portal\/wp-json\/wp\/v2\/types\/post"}],"author":[{"embeddable":true,"href":"https:\/\/tvc16.com\/portal\/wp-json\/wp\/v2\/users\/2"}],"replies":[{"embeddable":true,"href":"https:\/\/tvc16.com\/portal\/wp-json\/wp\/v2\/comments?post=3944"}],"version-history":[{"count":1,"href":"https:\/\/tvc16.com\/portal\/wp-json\/wp\/v2\/posts\/3944\/revisions"}],"predecessor-version":[{"id":3947,"href":"https:\/\/tvc16.com\/portal\/wp-json\/wp\/v2\/posts\/3944\/revisions\/3947"}],"wp:featuredmedia":[{"embeddable":true,"href":"https:\/\/tvc16.com\/portal\/wp-json\/wp\/v2\/media\/3946"}],"wp:attachment":[{"href":"https:\/\/tvc16.com\/portal\/wp-json\/wp\/v2\/media?parent=3944"}],"wp:term":[{"taxonomy":"category","embeddable":true,"href":"https:\/\/tvc16.com\/portal\/wp-json\/wp\/v2\/categories?post=3944"},{"taxonomy":"post_tag","embeddable":true,"href":"https:\/\/tvc16.com\/portal\/wp-json\/wp\/v2\/tags?post=3944"}],"curies":[{"name":"wp","href":"https:\/\/api.w.org\/{rel}","templated":true}]}}