{"id":3948,"date":"2020-10-26T15:22:05","date_gmt":"2020-10-26T15:22:05","guid":{"rendered":"https:\/\/tvc16.com\/portal\/?p=3948"},"modified":"2020-10-26T15:22:05","modified_gmt":"2020-10-26T15:22:05","slug":"o-tempo-e-a-temperatura-sudeste-do-pais-tem-previsao-de-tempo-com-chuva-nesta-segunda-feira-26","status":"publish","type":"post","link":"https:\/\/tvc16.com\/portal\/2020\/10\/26\/o-tempo-e-a-temperatura-sudeste-do-pais-tem-previsao-de-tempo-com-chuva-nesta-segunda-feira-26\/","title":{"rendered":"O TEMPO E A TEMPERATURA: Sudeste do pa\u00eds tem previs\u00e3o de tempo com chuva, nesta segunda-feira (26)"},"content":{"rendered":"\n<p>A temperatura m\u00ednima na regi\u00e3o \u00e9 de 12\u00baC e a m\u00e1xima de 36\u00baC<\/p>\n\n\n\n<p>Previs\u00e3o de tempo com chuva na regi\u00e3o Sudeste do pa\u00eds, nesta segunda-feira (26). Aten\u00e7\u00e3o para um ciclone subtropical que deve se intensificar nos pr\u00f3ximos dias e evoluir para uma tempestade subtropical, com ventos que pode chegar aos 118 km\/h. &nbsp;A partir de quinta-feira (29), uma Zona de Converg\u00eancia do Atl\u00e2ntico Sul pode se formar, o que deve provocar chuva forte e frequente entre o Amazonas e o Sudeste por, pelo menos, quatro dias.&nbsp;<br>&nbsp;<br>As temperaturas variam entre 12 e 36 graus. A umidade relativa do ar pode variar entre 40 e 100 por cento.<br>&nbsp;<br>As informa\u00e7\u00f5es s\u00e3o do Somar Meteorologia.<br>&nbsp;<br>Felipe Moura, o tempo e a temperatura.<\/p>\n\n\n\n<p>Fonte: <a href=\"https:\/\/brasil61.com\/noticias\/o-tempo-e-a-temperatura-sudeste-do-pais-tem-previsao-de-tempo-com-chuva-nesta-segunda-feira-26-ptsd202025?email=bethdeoliveira@yahoo.com.br&amp;utm_source=email_individual&amp;utm_medium=email_individual&amp;utm_campaign=email_individual\" target=\"_blank\" rel=\"noreferrer noopener\">Brasil 61<\/a><\/p>\n","protected":false},"excerpt":{"rendered":"<p>A temperatura m\u00ednima na regi\u00e3o \u00e9 de 12\u00baC e a m\u00e1xima de 36\u00baC Previs\u00e3o de<\/p>\n","protected":false},"author":2,"featured_media":3949,"comment_status":"open","ping_status":"open","sticky":false,"template":"","format":"standard","meta":{"footnotes":""},"categories":[17],"tags":[],"class_list":["post-3948","post","type-post","status-publish","format-standard","has-post-thumbnail","hentry","category-outras-noticias"],"_links":{"self":[{"href":"https:\/\/tvc16.com\/portal\/wp-json\/wp\/v2\/posts\/3948","targetHints":{"allow":["GET"]}}],"collection":[{"href":"https:\/\/tvc16.com\/portal\/wp-json\/wp\/v2\/posts"}],"about":[{"href":"https:\/\/tvc16.com\/portal\/wp-json\/wp\/v2\/types\/post"}],"author":[{"embeddable":true,"href":"https:\/\/tvc16.com\/portal\/wp-json\/wp\/v2\/users\/2"}],"replies":[{"embeddable":true,"href":"https:\/\/tvc16.com\/portal\/wp-json\/wp\/v2\/comments?post=3948"}],"version-history":[{"count":1,"href":"https:\/\/tvc16.com\/portal\/wp-json\/wp\/v2\/posts\/3948\/revisions"}],"predecessor-version":[{"id":3950,"href":"https:\/\/tvc16.com\/portal\/wp-json\/wp\/v2\/posts\/3948\/revisions\/3950"}],"wp:featuredmedia":[{"embeddable":true,"href":"https:\/\/tvc16.com\/portal\/wp-json\/wp\/v2\/media\/3949"}],"wp:attachment":[{"href":"https:\/\/tvc16.com\/portal\/wp-json\/wp\/v2\/media?parent=3948"}],"wp:term":[{"taxonomy":"category","embeddable":true,"href":"https:\/\/tvc16.com\/portal\/wp-json\/wp\/v2\/categories?post=3948"},{"taxonomy":"post_tag","embeddable":true,"href":"https:\/\/tvc16.com\/portal\/wp-json\/wp\/v2\/tags?post=3948"}],"curies":[{"name":"wp","href":"https:\/\/api.w.org\/{rel}","templated":true}]}}