{"id":3951,"date":"2020-10-26T15:24:28","date_gmt":"2020-10-26T15:24:28","guid":{"rendered":"https:\/\/tvc16.com\/portal\/?p=3951"},"modified":"2020-10-26T15:24:28","modified_gmt":"2020-10-26T15:24:28","slug":"estacio-promove-mais-uma-edicao-do-evento-mes-da-carreira","status":"publish","type":"post","link":"https:\/\/tvc16.com\/portal\/2020\/10\/26\/estacio-promove-mais-uma-edicao-do-evento-mes-da-carreira\/","title":{"rendered":"Est\u00e1cio promove mais uma edi\u00e7\u00e3o do evento \u201cM\u00eas da Carreira\u201d"},"content":{"rendered":"\n<p><strong>com palestras on-line gratuitas sobre mercado de trabalho<\/strong>\u00a0\u00a0<\/p>\n\n\n\n<p>De 27 a 30 de outubro,&nbsp;a Est\u00e1cio &#8211; uma das maiores e mais respeitadas institui\u00e7\u00f5es do setor educacional do Brasil e que atua h\u00e1&nbsp;50&nbsp;anos no segmento de Ensino Superior \u2013promover\u00e1 mais uma edi\u00e7\u00e3o do \u201cM\u00eas da Carreira\u201d.&nbsp;Esse ano, o evento ser\u00e1 totalmente on-line e&nbsp;ter\u00e1 mais de 12 horas de conte\u00fado, sendo&nbsp;dividido por \u00e1reas de atua\u00e7\u00e3o, com pain\u00e9is de desenvolvimento&nbsp;e temas como&nbsp;diversidade, carreira\/tecnologia, entre outros t\u00f3picos.&nbsp;O p\u00fablico externo de todo o Brasil poder\u00e1 acompanhar a transmiss\u00e3o&nbsp;gratuitamente, que acontecer\u00e1 por meio da plataforma&nbsp;Teams&nbsp;Microsoft. Confira a programa\u00e7\u00e3o completa no Blog da Est\u00e1cio em&nbsp;<a rel=\"noreferrer noopener\" target=\"_blank\" href=\"https:\/\/blog.estacio.br\/mes-das-carreiras-aproveite\/\">https:\/\/blog.estacio.br\/mes-das-carreiras-aproveite\/<\/a>&nbsp;&nbsp;ou no site&nbsp;<a rel=\"noreferrer noopener\" target=\"_blank\" href=\"http:\/\/mesdacarreira.estacio.br\/\">http:\/\/mesdacarreira.estacio.br\/<\/a>&nbsp;.<\/p>\n\n\n\n<p>Os interessados contar\u00e3o com&nbsp;grandes nomes do mercado,&nbsp;como&nbsp;Leizer&nbsp;Pereira,&nbsp;fundador e diretor executivo da&nbsp;institui\u00e7\u00e3o&nbsp;Empodera, empresa respons\u00e1vel&nbsp;por criar&nbsp;estrat\u00e9gias para promo\u00e7\u00e3o de diversidade e inclus\u00e3o nas empresas.&nbsp;Ele&nbsp;vai comandar o Painel sobre Diversidade de Ra\u00e7a.&nbsp;J\u00e1 a&nbsp;Cia de Talentos&nbsp;realizar\u00e1&nbsp;a palestra \u201cComo aplicar suas&nbsp;hard&nbsp;e&nbsp;soft skills&nbsp;para construir uma carreira de sucesso\u201d e&nbsp;Humberto Dala&nbsp;far\u00e1 um bate-papo&nbsp;voltado&nbsp;para os&nbsp;estudantes&nbsp;de Direito.&nbsp;Os participantes tamb\u00e9m v\u00e3o assistir \u00e0s palestras&nbsp;de v\u00e1rios outros&nbsp;convidados.&nbsp;&nbsp;<\/p>\n\n\n\n<p>\u201cO M\u00eas da Carreira tem como prop\u00f3sito apoiar a jornada&nbsp;de&nbsp;quem est\u00e1 no mercado&nbsp;de&nbsp;trabalho \u2013 sejam eles nossos alunos ou o p\u00fablico em geral. Preparamos um mix&nbsp;de&nbsp;conte\u00fado que aborda os temas mais em voga como o impacto da tecnologia em diversas carreiras, a import\u00e2ncia da diversidade nas rela\u00e7\u00f5es profissionais, al\u00e9m&nbsp;de&nbsp;tend\u00eancias&nbsp;de&nbsp;recrutamento, a relev\u00e2ncia das&nbsp;softskills&nbsp;e diversas hist\u00f3rias inspiradoras&nbsp;de&nbsp;grandes profissionais. Estamos felizes em poder apoiar a caminhada&nbsp;de&nbsp;desenvolvimento&nbsp;de&nbsp;tantas pessoas e cumprir nosso papel&nbsp;de&nbsp;apoiar a transforma\u00e7\u00e3o social&nbsp;de&nbsp;tantas pessoas.\u201d,&nbsp;afirma&nbsp;Cl\u00e1udia Romano,&nbsp;Vice-presidente de Rela\u00e7\u00f5es Governamentais, Sustentabilidade e Comunica\u00e7\u00e3o da Est\u00e1cio.&nbsp;&nbsp;<\/p>\n\n\n\n<p>Atualmente, a Institui\u00e7\u00e3o de Ensino est\u00e1 presente em 23 estados e no Distrito Federal, por meio do ensino presencial, e em todo o Brasil com o&nbsp;Ensino Digital, contando com mais de&nbsp;600 mil alunos, marcando presen\u00e7a na Regi\u00e3o Serrana do Rio de Janeiro.<\/p>\n\n\n\n<p><strong><u>Servi\u00e7o:<\/u><\/strong><strong>&nbsp;Confira a programa\u00e7\u00e3o completa no Blog da Est\u00e1cio em<\/strong>&nbsp;<a rel=\"noreferrer noopener\" target=\"_blank\" href=\"https:\/\/blog.estacio.br\/mes-das-carreiras-aproveite\/\">https:\/\/blog.estacio.br\/mes-das-carreiras-aproveite\/<\/a>&nbsp;<strong>ou no site<\/strong>&nbsp;<a rel=\"noreferrer noopener\" target=\"_blank\" href=\"http:\/\/mesdacarreira.estacio.br\/\">http:\/\/mesdacarreira.estacio.br\/<\/a>&nbsp;.<\/p>\n\n\n\n<p><strong>Evento:&nbsp;M\u00eas&nbsp;das&nbsp;Carreiras&nbsp;Outubro 2020&nbsp;&#8211; de&nbsp;27 a 30 de outubro&nbsp;&#8211;&nbsp;<u>TRANSMISS\u00c3O AO VIVO<\/u><\/strong><\/p>\n\n\n\n<p><strong><u>Rela\u00e7\u00e3o adicional com a programa\u00e7\u00e3o por data e hor\u00e1rio:<\/u><\/strong><\/p>\n\n\n\n<p><strong>Dia 27 de outubro &#8211; 12h&nbsp;<\/strong>&nbsp;<\/p>\n\n\n\n<p>Tema &#8211;&nbsp;\u00c9 hora de falarmos sobre diversidade&nbsp;<\/p>\n\n\n\n<p>T\u00edtulo &#8211;&nbsp;Negros e o mercado de trabalho&nbsp;<\/p>\n\n\n\n<p>Palestrante &#8211;&nbsp;Leizer&nbsp;Pereira&nbsp;&#8211;&nbsp;Comunidade Empodera&nbsp;<\/p>\n\n\n\n<p><strong>Dia 27 de outubro &#8211; 18h&nbsp;<\/strong>&nbsp;<\/p>\n\n\n\n<p>Tema &#8211;&nbsp;Desenvolvimento Profissional&nbsp;<\/p>\n\n\n\n<p>T\u00edtulo &#8211;&nbsp;O que \u00e9 um&nbsp;midset&nbsp;de crescimento?&nbsp;<\/p>\n\n\n\n<p>Palestrantes &#8211;&nbsp;Marcio Cassin&nbsp;(FLG Brasil)&nbsp;e&nbsp;Fl\u00e1vio&nbsp;Valiati&nbsp;(Vamos Subir)&nbsp;<\/p>\n\n\n\n<p><strong>Dia 28 de outubro &#8211; 11h&nbsp;<\/strong>&nbsp;<\/p>\n\n\n\n<p>Tema &#8211; Empresas e Curr\u00edculos&nbsp;<\/p>\n\n\n\n<p>T\u00edtulo &#8211; Papo aberto: o que a Gerdau espera de seus estagi\u00e1rios?&nbsp;&nbsp;<\/p>\n\n\n\n<p>Palestrante &#8211; Suellen Camargo &#8211; Gerdau&nbsp;&nbsp;<\/p>\n\n\n\n<p><strong>Dia 28 de outubro &#8211; 12h&nbsp;<\/strong>&nbsp;<\/p>\n\n\n\n<p>Tema &#8211; \u00c9 hora de falarmos sobre diversidade&nbsp;<\/p>\n\n\n\n<p>T\u00edtulo &#8211; Tecnologia \u00e9 para mulher sim!&nbsp;&nbsp;<\/p>\n\n\n\n<p>Palestrantes &#8211; Priscila Siqueira (Laborat\u00f3ria) e Regina&nbsp;Acher&nbsp;(Gympass)&nbsp;<\/p>\n\n\n\n<p><strong>Dia 28 de outubro &#8211; 17h&nbsp;<\/strong>&nbsp;<\/p>\n\n\n\n<p>Tema &#8211; Desenvolvimento Profissional&nbsp;<\/p>\n\n\n\n<p>T\u00edtulo &#8211;&nbsp;Como conquistar uma vaga usando o LinkedIn&nbsp;<\/p>\n\n\n\n<p>Palestrante &#8211; Vitor&nbsp;Fuzato&nbsp;\u2013 LinkedIn&nbsp;<\/p>\n\n\n\n<p><strong>Dia 28 de outubro &#8211; 18h&nbsp;<\/strong>&nbsp;<\/p>\n\n\n\n<p>Tema &#8211; Desenvolvimento Profissional&nbsp;<\/p>\n\n\n\n<p>T\u00edtulo &#8211;&nbsp;Construindo uma carreira com protagonismo e autonomia&nbsp;<\/p>\n\n\n\n<p>Palestrante \u2013 Professores Cesar Lessa e Renata Weiss, ambos da&nbsp;Est\u00e1cio&nbsp;&nbsp;<\/p>\n\n\n\n<p><strong>Dia 29 de outubro &#8211; 11h&nbsp;<\/strong>&nbsp;<\/p>\n\n\n\n<p>Tema &#8211; Empresas e Curr\u00edculos&nbsp;<\/p>\n\n\n\n<p>T\u00edtulo &#8211;&nbsp;Papo aberto: a versatilidade do profissional no mundo do trabalho atual&nbsp;<\/p>\n\n\n\n<p>Palestrante \u2013 Anderson Pereira &#8211;&nbsp;Universia&nbsp;<\/p>\n\n\n\n<p><strong>Dia 29 de outubro &#8211; 12h&nbsp;<\/strong>&nbsp;<\/p>\n\n\n\n<p>Tema &#8211; \u00c9 hora de falarmos sobre diversidade&nbsp;<\/p>\n\n\n\n<p>T\u00edtulo &#8211;&nbsp;Pessoas com mais de 40 anos e o mercado de trabalho&nbsp;<\/p>\n\n\n\n<p>Palestrante \u2013 Lilian Sanches &#8211; Colab50mais&nbsp;<\/p>\n\n\n\n<p><strong>Dia 29 de outubro &#8211; 17h&nbsp;<\/strong>&nbsp;<\/p>\n\n\n\n<p>Tema &#8211; Carreira e Tecnologia&nbsp;&nbsp;<\/p>\n\n\n\n<p>T\u00edtulo &#8211;&nbsp;As inova\u00e7\u00f5es na \u00e1rea da sa\u00fade e o futuro de seus profissionais&nbsp;<\/p>\n\n\n\n<p>Palestrante \u2013 Dr. Silvio Pessanha (Est\u00e1cio) e Lucas Passos (Jalekos)&nbsp;<\/p>\n\n\n\n<p><strong>Dia 29 de outubro &#8211; 18h&nbsp;<\/strong>&nbsp;<\/p>\n\n\n\n<p>Tema &#8211; Desenvolvimento Profissional&nbsp;<\/p>\n\n\n\n<p>T\u00edtulo &#8211;&nbsp;O Futuro do trabalho: como desenvolver sua trabalhabilidade?&nbsp;<\/p>\n\n\n\n<p>Palestrante \u2013 Fernanda&nbsp;Vordolin&nbsp;\u2013&nbsp;Workalove&nbsp;<\/p>\n\n\n\n<p><strong>Dia 30 de outubro &#8211; 11h&nbsp;<\/strong>&nbsp;<\/p>\n\n\n\n<p>Tema &#8211; Carreira e Tecnologia&nbsp;&nbsp;<\/p>\n\n\n\n<p>T\u00edtulo &#8211;&nbsp;O direito e a renova\u00e7\u00e3o de seus profissionais com o uso da tecnologia&nbsp;<\/p>\n\n\n\n<p>Palestrante \u2013 Natalie Witte &#8211; Consultoria&nbsp;<\/p>\n\n\n\n<p><strong>Dia 30 de outubro &#8211; 12h&nbsp;<\/strong>&nbsp;<\/p>\n\n\n\n<p>Tema &#8211; \u00c9 hora de falarmos sobre diversidade&nbsp;<\/p>\n\n\n\n<p>T\u00edtulo &#8211;&nbsp;Pessoas com Defici\u00eancia (PCD) e o mercado de trabalho&nbsp;<\/p>\n\n\n\n<p>Palestrante \u2013 Renato Silva (consulto),&nbsp;Thayanna&nbsp;Gon\u00e7alves (consultora) e Cecilia Nascimento (Adidas)&nbsp;<\/p>\n\n\n\n<p><strong>Dia 30 de outubro &#8211; 17h&nbsp;<\/strong>&nbsp;<\/p>\n\n\n\n<p>Tema &#8211; Empresas e Curr\u00edculos&nbsp;<\/p>\n\n\n\n<p>T\u00edtulo &#8211;&nbsp;Papo aberto: como \u00e9 a carreira de um promotor?&nbsp;&nbsp;<\/p>\n\n\n\n<p>Palestrante \u2013 Promotor Humberto Dala&nbsp;<\/p>\n\n\n\n<p><strong>Dia 30 de outubro &#8211; 18h&nbsp;<\/strong>&nbsp;<\/p>\n\n\n\n<p>Tema &#8211; Desenvolvimento Profissional&nbsp;<\/p>\n\n\n\n<p>T\u00edtulo &#8211;&nbsp;Hard skills e Soft skills e uma carreira de sucesso&nbsp;<\/p>\n\n\n\n<p>Palestrante \u2013 Adriana Rodrigues \u2013 Cia. de Talentos&nbsp;<\/p>\n","protected":false},"excerpt":{"rendered":"<p>com palestras on-line gratuitas sobre mercado de trabalho\u00a0\u00a0 De 27 a 30 de outubro,&nbsp;a Est\u00e1cio<\/p>\n","protected":false},"author":2,"featured_media":0,"comment_status":"open","ping_status":"open","sticky":false,"template":"","format":"standard","meta":{"footnotes":""},"categories":[17],"tags":[],"class_list":["post-3951","post","type-post","status-publish","format-standard","hentry","category-outras-noticias"],"_links":{"self":[{"href":"https:\/\/tvc16.com\/portal\/wp-json\/wp\/v2\/posts\/3951","targetHints":{"allow":["GET"]}}],"collection":[{"href":"https:\/\/tvc16.com\/portal\/wp-json\/wp\/v2\/posts"}],"about":[{"href":"https:\/\/tvc16.com\/portal\/wp-json\/wp\/v2\/types\/post"}],"author":[{"embeddable":true,"href":"https:\/\/tvc16.com\/portal\/wp-json\/wp\/v2\/users\/2"}],"replies":[{"embeddable":true,"href":"https:\/\/tvc16.com\/portal\/wp-json\/wp\/v2\/comments?post=3951"}],"version-history":[{"count":1,"href":"https:\/\/tvc16.com\/portal\/wp-json\/wp\/v2\/posts\/3951\/revisions"}],"predecessor-version":[{"id":3953,"href":"https:\/\/tvc16.com\/portal\/wp-json\/wp\/v2\/posts\/3951\/revisions\/3953"}],"wp:attachment":[{"href":"https:\/\/tvc16.com\/portal\/wp-json\/wp\/v2\/media?parent=3951"}],"wp:term":[{"taxonomy":"category","embeddable":true,"href":"https:\/\/tvc16.com\/portal\/wp-json\/wp\/v2\/categories?post=3951"},{"taxonomy":"post_tag","embeddable":true,"href":"https:\/\/tvc16.com\/portal\/wp-json\/wp\/v2\/tags?post=3951"}],"curies":[{"name":"wp","href":"https:\/\/api.w.org\/{rel}","templated":true}]}}