{"id":3957,"date":"2020-10-26T16:06:51","date_gmt":"2020-10-26T16:06:51","guid":{"rendered":"https:\/\/tvc16.com\/portal\/?p=3957"},"modified":"2020-10-26T16:06:51","modified_gmt":"2020-10-26T16:06:51","slug":"caixa-paga-2a-parcela-de-r-300-da-extensao-do-auxilio-emergencial","status":"publish","type":"post","link":"https:\/\/tvc16.com\/portal\/2020\/10\/26\/caixa-paga-2a-parcela-de-r-300-da-extensao-do-auxilio-emergencial\/","title":{"rendered":"Caixa paga 2\u00aa parcela de R$ 300 da extens\u00e3o do aux\u00edlio emergencial"},"content":{"rendered":"\n<h3 class=\"wp-block-heading\">Valor pode ser sacado por 1,6 milh\u00e3o de benefici\u00e1rios do Bolsa Fam\u00edlia<\/h3>\n\n\n\n<h4 class=\"wp-block-heading\">Por Karine Melo &#8211; Rep\u00f3rter da Ag\u00eancia Brasil &#8211; Bras\u00edlia<\/h4>\n\n\n\n<p>Benefici\u00e1rios do Bolsa Fam\u00edlia podem sacar &#8211; a partir desta segunda-feira (26) &#8211; a segunda parcela do aux\u00edlio emergencial extens\u00e3o de R$ 300 ou R$ 600, para mulheres chefes de fam\u00edlia.&nbsp;<img decoding=\"async\" src=\"https:\/\/agenciabrasil.ebc.com.br\/ebc.png?id=1391523&amp;o=node\"><img decoding=\"async\" src=\"https:\/\/agenciabrasil.ebc.com.br\/ebc.gif?id=1391523&amp;o=node\"><\/p>\n\n\n\n<p>Os saques ser\u00e3o liberados por ordem do d\u00edgito final do NIS (N\u00famero de Identifica\u00e7\u00e3o Social). Hoje, o pagamento ser\u00e1 feito para 1,6 milh\u00e3o de pessoas com o NIS terminado em 6. No total, ser\u00e3o R$ 420,2 milh\u00f5es a serem liberados.<\/p>\n\n\n\n<p>Segundo a Caixa, n\u00e3o \u00e9 poss\u00edvel acumular integralmente pagamentos do aux\u00edlio e do Bolsa Fam\u00edlia. Se o valor do programa for igual ou maior que R$ 300 ou R$ 600, a pessoa receber\u00e1 sempre o benef\u00edcio de maior valor.<\/p>\n\n\n\n<p>Os saques do dinheiro podem ser feitos por meio do cart\u00e3o do Programa Bolsa Fam\u00edlia, Cart\u00e3o Cidad\u00e3o ou por cr\u00e9dito em conta da Caixa.<\/p>\n\n\n\n<p>Edi\u00e7\u00e3o: Kleber Sampaio<\/p>\n","protected":false},"excerpt":{"rendered":"<p>Valor pode ser sacado por 1,6 milh\u00e3o de benefici\u00e1rios do Bolsa Fam\u00edlia Por Karine Melo<\/p>\n","protected":false},"author":2,"featured_media":3958,"comment_status":"open","ping_status":"open","sticky":false,"template":"","format":"standard","meta":{"footnotes":""},"categories":[14],"tags":[],"class_list":["post-3957","post","type-post","status-publish","format-standard","has-post-thumbnail","hentry","category-pais"],"_links":{"self":[{"href":"https:\/\/tvc16.com\/portal\/wp-json\/wp\/v2\/posts\/3957","targetHints":{"allow":["GET"]}}],"collection":[{"href":"https:\/\/tvc16.com\/portal\/wp-json\/wp\/v2\/posts"}],"about":[{"href":"https:\/\/tvc16.com\/portal\/wp-json\/wp\/v2\/types\/post"}],"author":[{"embeddable":true,"href":"https:\/\/tvc16.com\/portal\/wp-json\/wp\/v2\/users\/2"}],"replies":[{"embeddable":true,"href":"https:\/\/tvc16.com\/portal\/wp-json\/wp\/v2\/comments?post=3957"}],"version-history":[{"count":1,"href":"https:\/\/tvc16.com\/portal\/wp-json\/wp\/v2\/posts\/3957\/revisions"}],"predecessor-version":[{"id":3959,"href":"https:\/\/tvc16.com\/portal\/wp-json\/wp\/v2\/posts\/3957\/revisions\/3959"}],"wp:featuredmedia":[{"embeddable":true,"href":"https:\/\/tvc16.com\/portal\/wp-json\/wp\/v2\/media\/3958"}],"wp:attachment":[{"href":"https:\/\/tvc16.com\/portal\/wp-json\/wp\/v2\/media?parent=3957"}],"wp:term":[{"taxonomy":"category","embeddable":true,"href":"https:\/\/tvc16.com\/portal\/wp-json\/wp\/v2\/categories?post=3957"},{"taxonomy":"post_tag","embeddable":true,"href":"https:\/\/tvc16.com\/portal\/wp-json\/wp\/v2\/tags?post=3957"}],"curies":[{"name":"wp","href":"https:\/\/api.w.org\/{rel}","templated":true}]}}