{"id":3963,"date":"2020-10-26T16:13:20","date_gmt":"2020-10-26T16:13:20","guid":{"rendered":"https:\/\/tvc16.com\/portal\/?p=3963"},"modified":"2020-10-26T16:13:20","modified_gmt":"2020-10-26T16:13:20","slug":"laudo-sobre-desplacamento-de-rocha-no-vale-dos-esquilos-e-concluido","status":"publish","type":"post","link":"https:\/\/tvc16.com\/portal\/2020\/10\/26\/laudo-sobre-desplacamento-de-rocha-no-vale-dos-esquilos-e-concluido\/","title":{"rendered":"Laudo sobre desplacamento de rocha no Vale dos Esquilos \u00e9 conclu\u00eddo"},"content":{"rendered":"\n<p>A Secretaria de Defesa Civil e A\u00e7\u00f5es Volunt\u00e1rias concluiu o laudo referente ao desplacamento de rocha ocorrido na regi\u00e3o do Vale dos Esquilos, no Retiro, no \u00faltimo dia 21 de outubro. Sete resid\u00eancias foram interditadas e os moradores precisam deixar o local.<\/p>\n\n\n\n<p>Na \u00e1rea de risco demarcada pela geologia da Defesa Civil foram identificadas ainda outras resid\u00eancias, mais distantes da origem da ocorr\u00eancia. Nessas casas ser\u00e1 feita uma nova visita de agentes do \u00f3rg\u00e3o para orientar as fam\u00edlias sobre o risco e tamb\u00e9m solicitar que deixem o local. Para esses casos, foram identificados poss\u00edveis perfis de fam\u00edlias que se enquadram no aux\u00edlio do Aluguel Social, por isso a visita tamb\u00e9m ser\u00e1 feita por representantes da SAS (Secretaria de Assist\u00eancia Social).<\/p>\n\n\n\n<figure class=\"wp-block-image size-large\"><img loading=\"lazy\" decoding=\"async\" width=\"960\" height=\"640\" src=\"https:\/\/tvc16.com\/portal\/wp-content\/uploads\/2020\/10\/WhatsApp-Image-2020-10-26-at-11.53.41-1.jpeg\" alt=\"\" class=\"wp-image-3966\" srcset=\"https:\/\/tvc16.com\/portal\/wp-content\/uploads\/2020\/10\/WhatsApp-Image-2020-10-26-at-11.53.41-1.jpeg 960w, https:\/\/tvc16.com\/portal\/wp-content\/uploads\/2020\/10\/WhatsApp-Image-2020-10-26-at-11.53.41-1-300x200.jpeg 300w, https:\/\/tvc16.com\/portal\/wp-content\/uploads\/2020\/10\/WhatsApp-Image-2020-10-26-at-11.53.41-1-768x512.jpeg 768w, https:\/\/tvc16.com\/portal\/wp-content\/uploads\/2020\/10\/WhatsApp-Image-2020-10-26-at-11.53.41-1-900x600.jpeg 900w\" sizes=\"auto, (max-width: 960px) 100vw, 960px\" \/><\/figure>\n\n\n\n<p>A Defesa Civil informa ainda que ap\u00f3s conclus\u00e3o dos estudos geol\u00f3gicos e topogr\u00e1ficos, optou pela interdi\u00e7\u00e3o do per\u00edmetro, onde se encontram todas as referidas edifica\u00e7\u00f5es citadas anteriormente.Al\u00e9m disso, foi demarcada uma outra \u00e1rea que ficar\u00e1 em est\u00e1gio de aten\u00e7\u00e3o, essa ainda sem a necessidade da retirada dos moradores, mas cujas casas ser\u00e3o observadas de perto, caso aconte\u00e7a alguma altera\u00e7\u00e3o no comportamento do maci\u00e7o rochoso.<\/p>\n\n\n\n<p>Fotos: Alan Pacheco <\/p>\n","protected":false},"excerpt":{"rendered":"<p>A Secretaria de Defesa Civil e A\u00e7\u00f5es Volunt\u00e1rias concluiu o laudo referente ao desplacamento de<\/p>\n","protected":false},"author":2,"featured_media":3965,"comment_status":"open","ping_status":"open","sticky":false,"template":"","format":"standard","meta":{"footnotes":""},"categories":[12],"tags":[],"class_list":["post-3963","post","type-post","status-publish","format-standard","has-post-thumbnail","hentry","category-cidade"],"_links":{"self":[{"href":"https:\/\/tvc16.com\/portal\/wp-json\/wp\/v2\/posts\/3963","targetHints":{"allow":["GET"]}}],"collection":[{"href":"https:\/\/tvc16.com\/portal\/wp-json\/wp\/v2\/posts"}],"about":[{"href":"https:\/\/tvc16.com\/portal\/wp-json\/wp\/v2\/types\/post"}],"author":[{"embeddable":true,"href":"https:\/\/tvc16.com\/portal\/wp-json\/wp\/v2\/users\/2"}],"replies":[{"embeddable":true,"href":"https:\/\/tvc16.com\/portal\/wp-json\/wp\/v2\/comments?post=3963"}],"version-history":[{"count":1,"href":"https:\/\/tvc16.com\/portal\/wp-json\/wp\/v2\/posts\/3963\/revisions"}],"predecessor-version":[{"id":3967,"href":"https:\/\/tvc16.com\/portal\/wp-json\/wp\/v2\/posts\/3963\/revisions\/3967"}],"wp:featuredmedia":[{"embeddable":true,"href":"https:\/\/tvc16.com\/portal\/wp-json\/wp\/v2\/media\/3965"}],"wp:attachment":[{"href":"https:\/\/tvc16.com\/portal\/wp-json\/wp\/v2\/media?parent=3963"}],"wp:term":[{"taxonomy":"category","embeddable":true,"href":"https:\/\/tvc16.com\/portal\/wp-json\/wp\/v2\/categories?post=3963"},{"taxonomy":"post_tag","embeddable":true,"href":"https:\/\/tvc16.com\/portal\/wp-json\/wp\/v2\/tags?post=3963"}],"curies":[{"name":"wp","href":"https:\/\/api.w.org\/{rel}","templated":true}]}}