{"id":3979,"date":"2020-10-26T16:43:00","date_gmt":"2020-10-26T16:43:00","guid":{"rendered":"https:\/\/tvc16.com\/portal\/?p=3979"},"modified":"2020-10-26T16:43:00","modified_gmt":"2020-10-26T16:43:00","slug":"espanha-decreta-novo-estado-de-emergencia-em-luta-contra-covid-19","status":"publish","type":"post","link":"https:\/\/tvc16.com\/portal\/2020\/10\/26\/espanha-decreta-novo-estado-de-emergencia-em-luta-contra-covid-19\/","title":{"rendered":"Espanha decreta novo estado de emerg\u00eancia em luta contra covid-19"},"content":{"rendered":"\n<h3 class=\"wp-block-heading\">Medida entra em vigor na noite deste domingo<\/h3>\n\n\n\n<h4 class=\"wp-block-heading\">Por Bel\u00e9n Carre\u00f1o, Jessica Jones &#8211; Rep\u00f3rteres da Reuters &#8211; Madri<\/h4>\n\n\n\n<p>O primeiro-ministro da Espanha, Pedro S\u00e1nchez, anunciou um novo estado de emerg\u00eancia neste domingo (25) em um esfor\u00e7o para conter o aumento nas infec\u00e7\u00f5es pelo novo&nbsp; coronav\u00edrus, impondo toques de recolher noturnos e proibindo as viagens entre as regi\u00f5es do pa\u00eds em alguns casos.<img decoding=\"async\" src=\"https:\/\/agenciabrasil.ebc.com.br\/ebc.png?id=1391496&amp;o=node\"><img decoding=\"async\" src=\"https:\/\/agenciabrasil.ebc.com.br\/ebc.gif?id=1391496&amp;o=node\"><\/p>\n\n\n\n<p>\u201cEstamos vivendo em uma situa\u00e7\u00e3o extrema, \u00e9 a mais grave na \u00faltima metade de s\u00e9culo\u201d, disse ele em entrevista coletiva ap\u00f3s uma reuni\u00e3o de gabinete.<\/p>\n\n\n\n<p>A medida entra em vigor na noite deste domingo e exigir\u00e1 que todas as regi\u00f5es, exceto as Ilhas Can\u00e1rias, imponham um toque de recolher noturno.<\/p>\n\n\n\n<p>O estado de emerg\u00eancia precisar\u00e1 ser aprovado pelo Parlamento para durar al\u00e9m de um prazo de 15 dias.<\/p>\n\n\n\n<p>Um n\u00famero crescente de regi\u00f5es do pa\u00eds tem pedido que o governo implemente a medida.<\/p>\n\n\n\n<p>A Espanha imp\u00f4s um dos&nbsp;<em>lockdowns<\/em>&nbsp;mais severos no in\u00edcio da pandemia e depois relaxou as medidas ao longo do ver\u00e3o no Hemisf\u00e9rio Norte.<\/p>\n\n\n\n<p>Mas como em muitos outros pa\u00edses da Europa, a Espanha tem vivido uma segunda onda nas \u00faltimas semanas e agora tem os maiores n\u00fameros de infec\u00e7\u00f5es da Europa Ocidental. O total de casos subiu para 1.046.132 na sexta-feira (23), enquanto o n\u00famero de mortos se aproxima de 35 mil.<\/p>\n","protected":false},"excerpt":{"rendered":"<p>Medida entra em vigor na noite deste domingo Por Bel\u00e9n Carre\u00f1o, Jessica Jones &#8211; Rep\u00f3rteres<\/p>\n","protected":false},"author":2,"featured_media":3980,"comment_status":"open","ping_status":"open","sticky":false,"template":"","format":"standard","meta":{"footnotes":""},"categories":[22],"tags":[],"class_list":["post-3979","post","type-post","status-publish","format-standard","has-post-thumbnail","hentry","category-internacional"],"_links":{"self":[{"href":"https:\/\/tvc16.com\/portal\/wp-json\/wp\/v2\/posts\/3979","targetHints":{"allow":["GET"]}}],"collection":[{"href":"https:\/\/tvc16.com\/portal\/wp-json\/wp\/v2\/posts"}],"about":[{"href":"https:\/\/tvc16.com\/portal\/wp-json\/wp\/v2\/types\/post"}],"author":[{"embeddable":true,"href":"https:\/\/tvc16.com\/portal\/wp-json\/wp\/v2\/users\/2"}],"replies":[{"embeddable":true,"href":"https:\/\/tvc16.com\/portal\/wp-json\/wp\/v2\/comments?post=3979"}],"version-history":[{"count":1,"href":"https:\/\/tvc16.com\/portal\/wp-json\/wp\/v2\/posts\/3979\/revisions"}],"predecessor-version":[{"id":3981,"href":"https:\/\/tvc16.com\/portal\/wp-json\/wp\/v2\/posts\/3979\/revisions\/3981"}],"wp:featuredmedia":[{"embeddable":true,"href":"https:\/\/tvc16.com\/portal\/wp-json\/wp\/v2\/media\/3980"}],"wp:attachment":[{"href":"https:\/\/tvc16.com\/portal\/wp-json\/wp\/v2\/media?parent=3979"}],"wp:term":[{"taxonomy":"category","embeddable":true,"href":"https:\/\/tvc16.com\/portal\/wp-json\/wp\/v2\/categories?post=3979"},{"taxonomy":"post_tag","embeddable":true,"href":"https:\/\/tvc16.com\/portal\/wp-json\/wp\/v2\/tags?post=3979"}],"curies":[{"name":"wp","href":"https:\/\/api.w.org\/{rel}","templated":true}]}}