{"id":3985,"date":"2020-10-26T16:47:18","date_gmt":"2020-10-26T16:47:18","guid":{"rendered":"https:\/\/tvc16.com\/portal\/?p=3985"},"modified":"2020-10-26T16:47:18","modified_gmt":"2020-10-26T16:47:18","slug":"policia-faz-busca-por-musicas-ineditas-de-renato-russo-no-rio","status":"publish","type":"post","link":"https:\/\/tvc16.com\/portal\/2020\/10\/26\/policia-faz-busca-por-musicas-ineditas-de-renato-russo-no-rio\/","title":{"rendered":"Pol\u00edcia faz busca por m\u00fasicas in\u00e9ditas de Renato Russo no Rio"},"content":{"rendered":"\n<h3 class=\"wp-block-heading\">A den\u00fancia foi feita por Giuliano Manfredi, filho do cantor<\/h3>\n\n\n\n<h4 class=\"wp-block-heading\">Por Vitor Abdala &#8211; Rep\u00f3rter da Ag\u00eancia Brasil &#8211; Rio de Janeiro<\/h4>\n\n\n\n<p>A Pol\u00edcia Civil cumpre hoje (26) mandado de busca e apreens\u00e3o em um est\u00fadio do Rio de Janeiro, para procurar m\u00fasicas in\u00e9ditas do cantor e compositor Renato Russo. A busca foi provocada por uma den\u00fancia do filho do artista, que acusa o est\u00fadio de ocultar m\u00fasicas que teriam sido gravadas por seu pai, em seus \u00faltimos anos de vida.<img decoding=\"async\" src=\"https:\/\/agenciabrasil.ebc.com.br\/ebc.png?id=1391531&amp;o=node\"><img decoding=\"async\" src=\"https:\/\/agenciabrasil.ebc.com.br\/ebc.gif?id=1391531&amp;o=node\"><\/p>\n\n\n\n<p>Giuliano Manfredini, filho de Renato, \u00e9 o detentor dos direitos autorais da obra do pai, m\u00fasico que fez sucesso nos anos 80 como vocalista da banda Legi\u00e3o Urbana, na d\u00e9cada de 90, e gravou dois discos solo:&nbsp;<em>The Stonewal Celebration Concert<\/em>&nbsp;(1994) e&nbsp;<em>Equil\u00edbrio Distante<\/em>&nbsp;(1995). Ele morreu em 1996, mas deixou algumas m\u00fasicas gravadas, que foram aproveitadas pela gravadora para lan\u00e7ar o \u00e1lbum p\u00f3stumo&nbsp;<em>O \u00daltimo Solo<\/em>, em 1997.<\/p>\n\n\n\n<p>Em 2000, foi lan\u00e7ada uma colet\u00e2nea com sua obra solo e mais duas m\u00fasicas in\u00e9ditas: as regrava\u00e7\u00f5es de&nbsp;<em>A Carta<\/em>, de Erasmo Carlos, e&nbsp;<em>A Cruz e a Espada<\/em>, de Paulo Ricardo.<\/p>\n\n\n\n<p>Segundo a Pol\u00edcia Civil, o filho acredita, no entanto, que o pai teria gravado ainda mais m\u00fasicas. A Delegacia de Repress\u00e3o aos Crimes contra a Propriedade Imaterial ent\u00e3o abriu uma investiga\u00e7\u00e3o para descobrir se o propriet\u00e1rio do est\u00fadio de grava\u00e7\u00e3o usado por Renato Russo estaria ocultando essas can\u00e7\u00f5es in\u00e9ditas.<\/p>\n\n\n\n<p>Edi\u00e7\u00e3o: Val\u00e9ria Aguiar<\/p>\n","protected":false},"excerpt":{"rendered":"<p>A den\u00fancia foi feita por Giuliano Manfredi, filho do cantor Por Vitor Abdala &#8211; Rep\u00f3rter<\/p>\n","protected":false},"author":2,"featured_media":3986,"comment_status":"open","ping_status":"open","sticky":false,"template":"","format":"standard","meta":{"footnotes":""},"categories":[21],"tags":[],"class_list":["post-3985","post","type-post","status-publish","format-standard","has-post-thumbnail","hentry","category-cultura"],"_links":{"self":[{"href":"https:\/\/tvc16.com\/portal\/wp-json\/wp\/v2\/posts\/3985","targetHints":{"allow":["GET"]}}],"collection":[{"href":"https:\/\/tvc16.com\/portal\/wp-json\/wp\/v2\/posts"}],"about":[{"href":"https:\/\/tvc16.com\/portal\/wp-json\/wp\/v2\/types\/post"}],"author":[{"embeddable":true,"href":"https:\/\/tvc16.com\/portal\/wp-json\/wp\/v2\/users\/2"}],"replies":[{"embeddable":true,"href":"https:\/\/tvc16.com\/portal\/wp-json\/wp\/v2\/comments?post=3985"}],"version-history":[{"count":1,"href":"https:\/\/tvc16.com\/portal\/wp-json\/wp\/v2\/posts\/3985\/revisions"}],"predecessor-version":[{"id":3987,"href":"https:\/\/tvc16.com\/portal\/wp-json\/wp\/v2\/posts\/3985\/revisions\/3987"}],"wp:featuredmedia":[{"embeddable":true,"href":"https:\/\/tvc16.com\/portal\/wp-json\/wp\/v2\/media\/3986"}],"wp:attachment":[{"href":"https:\/\/tvc16.com\/portal\/wp-json\/wp\/v2\/media?parent=3985"}],"wp:term":[{"taxonomy":"category","embeddable":true,"href":"https:\/\/tvc16.com\/portal\/wp-json\/wp\/v2\/categories?post=3985"},{"taxonomy":"post_tag","embeddable":true,"href":"https:\/\/tvc16.com\/portal\/wp-json\/wp\/v2\/tags?post=3985"}],"curies":[{"name":"wp","href":"https:\/\/api.w.org\/{rel}","templated":true}]}}