{"id":3991,"date":"2020-10-26T20:18:39","date_gmt":"2020-10-26T20:18:39","guid":{"rendered":"https:\/\/tvc16.com\/portal\/?p=3991"},"modified":"2020-10-26T20:19:07","modified_gmt":"2020-10-26T20:19:07","slug":"homem-acusado-de-tentativa-de-homicidio-e-preso-pela-policia-civil","status":"publish","type":"post","link":"https:\/\/tvc16.com\/portal\/2020\/10\/26\/homem-acusado-de-tentativa-de-homicidio-e-preso-pela-policia-civil\/","title":{"rendered":"Homem acusado de tentativa de homic\u00eddio \u00e9 preso pela Pol\u00edcia Civil"},"content":{"rendered":"\n<h1 class=\"wp-block-heading\"><\/h1>\n\n\n\n<p>Policiais civis da 105\u00aa DP (Retiro) prenderam, na manh\u00e3 desta segunda-feira (26), um homem de 27 anos, suspeito de participar de uma tentativa de homic\u00eddio que ocorreu na Rua Jo\u00e3o Xavier, no Duarte da Silveira, no dia 8 de setembro. Na resid\u00eancia dele foram encontradas 98 trouxinhas de maconha e 79 pinos de coca\u00edna.<\/p>\n\n\n\n<figure class=\"wp-block-image size-large\"><img loading=\"lazy\" decoding=\"async\" width=\"606\" height=\"1024\" src=\"https:\/\/tvc16.com\/portal\/wp-content\/uploads\/2020\/10\/WhatsApp-Image-2020-10-26-at-15.01.46-1-606x1024.jpeg\" alt=\"\" class=\"wp-image-3992\" srcset=\"https:\/\/tvc16.com\/portal\/wp-content\/uploads\/2020\/10\/WhatsApp-Image-2020-10-26-at-15.01.46-1-606x1024.jpeg 606w, https:\/\/tvc16.com\/portal\/wp-content\/uploads\/2020\/10\/WhatsApp-Image-2020-10-26-at-15.01.46-1-177x300.jpeg 177w, https:\/\/tvc16.com\/portal\/wp-content\/uploads\/2020\/10\/WhatsApp-Image-2020-10-26-at-15.01.46-1.jpeg 757w\" sizes=\"auto, (max-width: 606px) 100vw, 606px\" \/><\/figure>\n\n\n\n<p>De acordo com a Pol\u00edcia Civil, o homem foi localizado no mesmo bairro do atentado e identificado como autor dos disparos. Na \u00e9poca, ele e outros dois suspeitos teriam entrado em um bar e realizaram diversos disparos com arma de fogo contra um homem que aguardava para almo\u00e7ar. A v\u00edtima foi atingida no bra\u00e7o e conseguiu fugir do local, sendo socorrida pelo corpo de bombeiros.<\/p>\n\n\n\n<p>Ainda de acordo com a pol\u00edcia, os autores foram identificados como traficantes pertencentes a fac\u00e7\u00e3o criminosa Comando Vermelho, que buscam se estabelecer na localidade do Duarte da Silveira. A motiva\u00e7\u00e3o do crime se deu porque a v\u00edtima possu\u00eda envolvimento com a fac\u00e7\u00e3o do terceiro comando e j\u00e1 havia sido preso por tr\u00e1fico de drogas. A rivalidade do grupo foi a motiva\u00e7\u00e3o do crime.<\/p>\n\n\n\n<p>Durante o cumprimento do mandado de pris\u00e3o foram encontradas na resid\u00eancia do autor 98 trouxinhas de maconha e 79 pinos de coca\u00edna, al\u00e9m da quantia de R$ 465,00 em esp\u00e9cie. Os outros dois envolvidos no crime n\u00e3o foram localizados e encontram-se foragidos.<\/p>\n","protected":false},"excerpt":{"rendered":"<p>Policiais civis da 105\u00aa DP (Retiro) prenderam, na manh\u00e3 desta segunda-feira (26), um homem de<\/p>\n","protected":false},"author":2,"featured_media":3994,"comment_status":"open","ping_status":"open","sticky":false,"template":"","format":"standard","meta":{"footnotes":""},"categories":[12],"tags":[],"class_list":["post-3991","post","type-post","status-publish","format-standard","has-post-thumbnail","hentry","category-cidade"],"_links":{"self":[{"href":"https:\/\/tvc16.com\/portal\/wp-json\/wp\/v2\/posts\/3991","targetHints":{"allow":["GET"]}}],"collection":[{"href":"https:\/\/tvc16.com\/portal\/wp-json\/wp\/v2\/posts"}],"about":[{"href":"https:\/\/tvc16.com\/portal\/wp-json\/wp\/v2\/types\/post"}],"author":[{"embeddable":true,"href":"https:\/\/tvc16.com\/portal\/wp-json\/wp\/v2\/users\/2"}],"replies":[{"embeddable":true,"href":"https:\/\/tvc16.com\/portal\/wp-json\/wp\/v2\/comments?post=3991"}],"version-history":[{"count":1,"href":"https:\/\/tvc16.com\/portal\/wp-json\/wp\/v2\/posts\/3991\/revisions"}],"predecessor-version":[{"id":3993,"href":"https:\/\/tvc16.com\/portal\/wp-json\/wp\/v2\/posts\/3991\/revisions\/3993"}],"wp:featuredmedia":[{"embeddable":true,"href":"https:\/\/tvc16.com\/portal\/wp-json\/wp\/v2\/media\/3994"}],"wp:attachment":[{"href":"https:\/\/tvc16.com\/portal\/wp-json\/wp\/v2\/media?parent=3991"}],"wp:term":[{"taxonomy":"category","embeddable":true,"href":"https:\/\/tvc16.com\/portal\/wp-json\/wp\/v2\/categories?post=3991"},{"taxonomy":"post_tag","embeddable":true,"href":"https:\/\/tvc16.com\/portal\/wp-json\/wp\/v2\/tags?post=3991"}],"curies":[{"name":"wp","href":"https:\/\/api.w.org\/{rel}","templated":true}]}}