{"id":3998,"date":"2020-10-26T20:41:09","date_gmt":"2020-10-26T20:41:09","guid":{"rendered":"https:\/\/tvc16.com\/portal\/?p=3998"},"modified":"2020-10-26T20:41:09","modified_gmt":"2020-10-26T20:41:09","slug":"alunos-da-rede-municipal-de-ensino-em-petropolis-terao-o-cartao-merenda-certa-recarregados-ate-dezembro","status":"publish","type":"post","link":"https:\/\/tvc16.com\/portal\/2020\/10\/26\/alunos-da-rede-municipal-de-ensino-em-petropolis-terao-o-cartao-merenda-certa-recarregados-ate-dezembro\/","title":{"rendered":"Alunos da Rede Municipal de ensino, em Petr\u00f3polis, ter\u00e3o o &#8220;Cart\u00e3o Merenda Certa&#8221; recarregados at\u00e9 dezembro"},"content":{"rendered":"\n<p>O\u00a0Cart\u00e3o\u00a0merenda\u00a0Certa, que ajuda na alimenta\u00e7\u00e3o das crian\u00e7as e adolescentes, alunos da Rede Municipal de Ensino em Petr\u00f3polis,\u00a0foi recarregado no dia 20 deste m\u00eas.\u00a0<\/p>\n\n\n\n<p>Todos os alunos da rede\u00a0receberam\u00a0um\u00a0cart\u00e3o, no valor de R$ 70, que deve ser usado para a compra de produtos para o refor\u00e7o da alimenta\u00e7\u00e3o nesse per\u00edodo em que as aulas est\u00e3o suspensas na rede municipal de Educa\u00e7\u00e3o.\u00a0No total\u00a0foram\u00a0mais de 40 mil\u00a0cart\u00f5es\u00a0entregues para os alunos da rede, com um investimento de cerca de R$ 2,8 milh\u00f5es, provenientes de recursos pr\u00f3prios do poder p\u00fablico.<\/p>\n\n\n\n<figure class=\"wp-block-image size-large\"><img loading=\"lazy\" decoding=\"async\" width=\"700\" height=\"470\" src=\"https:\/\/tvc16.com\/portal\/wp-content\/uploads\/2020\/10\/1_alimentacao_escolar_2-16711303.jpg\" alt=\"\" class=\"wp-image-4005\" srcset=\"https:\/\/tvc16.com\/portal\/wp-content\/uploads\/2020\/10\/1_alimentacao_escolar_2-16711303.jpg 700w, https:\/\/tvc16.com\/portal\/wp-content\/uploads\/2020\/10\/1_alimentacao_escolar_2-16711303-300x201.jpg 300w\" sizes=\"auto, (max-width: 700px) 100vw, 700px\" \/><\/figure>\n","protected":false},"excerpt":{"rendered":"<p>O\u00a0Cart\u00e3o\u00a0merenda\u00a0Certa, que ajuda na alimenta\u00e7\u00e3o das crian\u00e7as e adolescentes, alunos da Rede Municipal de Ensino<\/p>\n","protected":false},"author":2,"featured_media":4007,"comment_status":"open","ping_status":"open","sticky":false,"template":"","format":"standard","meta":{"footnotes":""},"categories":[12],"tags":[],"class_list":["post-3998","post","type-post","status-publish","format-standard","has-post-thumbnail","hentry","category-cidade"],"_links":{"self":[{"href":"https:\/\/tvc16.com\/portal\/wp-json\/wp\/v2\/posts\/3998","targetHints":{"allow":["GET"]}}],"collection":[{"href":"https:\/\/tvc16.com\/portal\/wp-json\/wp\/v2\/posts"}],"about":[{"href":"https:\/\/tvc16.com\/portal\/wp-json\/wp\/v2\/types\/post"}],"author":[{"embeddable":true,"href":"https:\/\/tvc16.com\/portal\/wp-json\/wp\/v2\/users\/2"}],"replies":[{"embeddable":true,"href":"https:\/\/tvc16.com\/portal\/wp-json\/wp\/v2\/comments?post=3998"}],"version-history":[{"count":1,"href":"https:\/\/tvc16.com\/portal\/wp-json\/wp\/v2\/posts\/3998\/revisions"}],"predecessor-version":[{"id":4008,"href":"https:\/\/tvc16.com\/portal\/wp-json\/wp\/v2\/posts\/3998\/revisions\/4008"}],"wp:featuredmedia":[{"embeddable":true,"href":"https:\/\/tvc16.com\/portal\/wp-json\/wp\/v2\/media\/4007"}],"wp:attachment":[{"href":"https:\/\/tvc16.com\/portal\/wp-json\/wp\/v2\/media?parent=3998"}],"wp:term":[{"taxonomy":"category","embeddable":true,"href":"https:\/\/tvc16.com\/portal\/wp-json\/wp\/v2\/categories?post=3998"},{"taxonomy":"post_tag","embeddable":true,"href":"https:\/\/tvc16.com\/portal\/wp-json\/wp\/v2\/tags?post=3998"}],"curies":[{"name":"wp","href":"https:\/\/api.w.org\/{rel}","templated":true}]}}